{"id":34709,"date":"2024-01-24T14:26:00","date_gmt":"2024-01-24T14:26:00","guid":{"rendered":"https:\/\/marqalicante-admin.qwair.com\/2024\/01\/24\/renfe-y-la-fundacion-cv-marq-promocionan-el-uso-del-tren-para-visitar-el-museo-arqueologico-de-alicante-sus-yacimientos-y-monumentos-y-su-exposicion-dinastias-los-primeros-reinos-de-la-euro\/"},"modified":"2024-01-24T14:26:00","modified_gmt":"2024-01-24T14:26:00","slug":"renfe-y-la-fundacion-cv-marq-promocionan-el-uso-del-tren-para-visitar-el-museo-arqueologico-de-alicante-sus-yacimientos-y-monumentos-y-su-exposicion-dinastias-los-primeros-reinos-de-la-euro","status":"publish","type":"post","link":"https:\/\/marqalicante-admin.qwair.com\/en\/renfe-y-la-fundacion-cv-marq-promocionan-el-uso-del-tren-para-visitar-el-museo-arqueologico-de-alicante-sus-yacimientos-y-monumentos-y-su-exposicion-dinastias-los-primeros-reinos-de-la-euro\/","title":{"rendered":"Renfe and the Fundaci\u00f3n CV MARQ promote the use of the train to visit the archaeological museum of Alicante, its sites and monuments and its exhibition \"Dynasties. The first kingdoms of prehistoric Europe\"."},"content":{"rendered":"<p style=\"margin-left:0cm; margin-right:0cm; text-align:center\"><img decoding=\"async\" alt=\"\" src=\"\/contenido\/genericas\/WhatsApp%20Image%202024-01-26%20at%2013_50_42(1).jpeg\" style=\"height:667px; width:500px\" \/><\/p>\n<p style=\"margin-left:0cm; margin-right:0cm; text-align:justify\"><span style=\"font-size:12pt\"><span style=\"font-family:&quot;Arial Narrow&quot;,sans-serif\"><span style=\"color:black\"><span style=\"font-size:11.0pt\"><span style=\"font-family:&quot;Arial&quot;,sans-serif\">The president of Renfe, Ra\u00fcl Blanco, and the president of the Diputaci\u00f3n de Alicante and president of the Fundaci\u00f3n CV MARQ, Toni P\u00e9rez, signed a collaboration agreement this morning at FITUR with the aim of promoting the use of trains to visit the MARQ, the Archaeological Museum of Alicante, its archaeological sites and monuments and its Temporary Exhibitions. The aim of the agreement is to promote, on the one hand, visits to the MARQ, its archaeological sites and monuments as a tourist destination and, on the other hand, to encourage the use of AVE and long-distance trains when travelling to visit Alicante and the Costa Blanca. <\/span><\/span><\/span><\/span><\/span><\/p>\n<p style=\"margin-left:0cm; margin-right:0cm; text-align:justify\"><span style=\"font-size:12pt\"><span style=\"font-family:&quot;Arial Narrow&quot;,sans-serif\"><span style=\"color:black\"><span style=\"font-size:11.0pt\"><span style=\"font-family:&quot;Arial&quot;,sans-serif\">By virtue of the agreement, the MARQ Foundation undertakes to promote Renfe's services as a means of transport, in particular those provided by the AVE, Avlo, Alvia, Euromed or Intercity trains, in all the activities it carries out to promote cultural tourism. <\/span><\/span><\/span><\/span><\/span><\/p>\n<p style=\"margin-left:0cm; margin-right:0cm; text-align:justify\"><span style=\"font-size:12pt\"><span style=\"font-family:&quot;Arial Narrow&quot;,sans-serif\"><span style=\"color:black\"><span style=\"font-size:11.0pt\"><span style=\"font-family:&quot;Arial&quot;,sans-serif\">It will also inform those attending the museum, its temporary exhibitions, its cultural events and, in general, those of interest, of the promotions and commercial conditions offered by Renfe, in order to encourage the use of the services offered by the railway company. <\/span><\/span><\/span><\/span><\/span><\/p>\n<p style=\"margin-left:0cm; margin-right:0cm; text-align:justify\"><span style=\"font-size:12pt\"><span style=\"font-family:Calibri,sans-serif\"><span style=\"color:black\"><span style=\"font-size:11.0pt\"><span style=\"font-family:&quot;Arial&quot;,sans-serif\">Renfe customers can obtain free admission to the Museum and the Temporary Exhibitions on presentation of their individual and nominative AVE, Larga Distancia and Avlo tickets at the MARQ ticket offices. <\/span><\/span><\/span><\/span><\/span><\/p>\n<p style=\"margin-left:0.5pt; margin-right:10.15pt; text-align:justify\"><span style=\"font-size:12pt\"><span style=\"font-family:Calibri,sans-serif\"><span style=\"color:black\"><span style=\"font-size:11.0pt\"><span style=\"font-family:&quot;Arial&quot;,sans-serif\">Likewise, the presentation of Renfe tickets will allow a discount of 100% on the price of admission to the sites and monuments under the management of the Fundaci\u00f3n CV MARQ: La Illeta in El Campello; Lucentum in Alicante; the Almohad Tower of Almudaina; the Pla de Petracos in Castell de Castells, the Cova de l'Or in Beniarr\u00e9s and the Cava Gran in Agres.<\/span><\/span><\/span><\/span><\/span><\/p>\n<p style=\"margin-left:0cm; margin-right:0cm; text-align:justify\"><span style=\"font-size:12pt\"><span style=\"font-family:&quot;Arial Narrow&quot;,sans-serif\"><span style=\"color:black\"><span style=\"font-size:11.0pt\"><span style=\"font-family:&quot;Arial&quot;,sans-serif\">Valid tickets to obtain the free admission will be those whose date of travel is within 10 days before or after the date of the visit to the Museum and the Exhibition. The delivery of tickets will be conditional on the availability of access due to limited capacity within the aforementioned 10 days. <\/span><\/span><\/span><\/span><\/span><\/p>\n<p style=\"margin-left:0cm; margin-right:0cm; text-align:justify\"><span style=\"font-size:12pt\"><span style=\"font-family:&quot;Arial Narrow&quot;,sans-serif\"><span style=\"color:black\"><span style=\"font-size:11.0pt\"><span style=\"font-family:&quot;Arial&quot;,sans-serif\">From March until October this year, the temporary halls of the MARQ will host the international exhibition \".<strong>Dynasties. The First Kingdoms of Prehistoric Europe\".<\/strong> The exhibition is made up of around 482 unique pieces, brought together for the first time to be exhibited to the public, in a project in which 18 museums from Spain, Hungary, Slovakia, Germany, Belgium, Portugal and Denmark are participating together with MARQ. The aim is not only to offer visitors the opportunity to appreciate masterpieces from the Bronze Age in continental Europe, but also to understand, in a clear and accessible way, how and why they were created, who their creators were and for what and for whom they were created. <\/span><\/span><\/span><\/span><\/span><\/p>\n<p style=\"margin-left:0cm; margin-right:0cm; text-align:justify\"><span style=\"font-size:12pt\"><span style=\"font-family:&quot;Arial Narrow&quot;,sans-serif\"><span style=\"color:black\"><span style=\"font-size:11.0pt\"><span style=\"font-family:&quot;Arial&quot;,sans-serif\">This is the second agreement signed between Renfe and the Fundaci\u00f3n CV MARQ, after the one signed in 2023 on the occasion of the international exhibition <em>\"The Legacy of the Qin and Han Dynasties, China. The Warriors of Xi'an\".<\/em>which sets out the lines of work in different areas: such as relational marketing among its customers, websites, blog and media, etc. Renfe Viajeros will be able to publicise its collaboration as \"Official Train\" in MARQ's congresses, events, programmes and activities, in all media. <\/span><\/span><\/span><\/span><\/span><\/p>\n<p style=\"margin-left:0.5pt; margin-right:10.15pt; text-align:justify\"><span style=\"font-size:12pt\"><span style=\"font-family:Calibri,sans-serif\"><span style=\"color:black\"><span style=\"font-size:11.0pt\"><span style=\"font-family:&quot;Arial&quot;,sans-serif\">Renfe once again becomes the train of culture, in this case, with the aim of increasing the number of visits to the Provincial Archaeological Museum of Alicante - MARQ, as well as promoting the use of its trains.<\/span><\/span><\/span><\/span><\/span><\/p>","protected":false},"excerpt":{"rendered":"<p>El presidente de Renfe, Ra&uuml;l Blanco y el presidente de la Diputaci&oacute;n de Alicante y<span class=\"excerpt-hellip\"> [\u2026]<\/span><\/p>\n","protected":false},"author":3,"featured_media":0,"comment_status":"open","ping_status":"open","sticky":false,"template":"","format":"standard","meta":{"kia_subtitle":"","footnotes":""},"categories":[],"tags":[],"class_list":["post-34709","post","type-post","status-publish","format-standard","hentry"],"meta_box":[],"_links":{"self":[{"href":"https:\/\/marqalicante-admin.qwair.com\/en\/wp-json\/wp\/v2\/posts\/34709","targetHints":{"allow":["GET"]}}],"collection":[{"href":"https:\/\/marqalicante-admin.qwair.com\/en\/wp-json\/wp\/v2\/posts"}],"about":[{"href":"https:\/\/marqalicante-admin.qwair.com\/en\/wp-json\/wp\/v2\/types\/post"}],"author":[{"embeddable":true,"href":"https:\/\/marqalicante-admin.qwair.com\/en\/wp-json\/wp\/v2\/users\/3"}],"replies":[{"embeddable":true,"href":"https:\/\/marqalicante-admin.qwair.com\/en\/wp-json\/wp\/v2\/comments?post=34709"}],"version-history":[{"count":0,"href":"https:\/\/marqalicante-admin.qwair.com\/en\/wp-json\/wp\/v2\/posts\/34709\/revisions"}],"wp:attachment":[{"href":"https:\/\/marqalicante-admin.qwair.com\/en\/wp-json\/wp\/v2\/media?parent=34709"}],"wp:term":[{"taxonomy":"category","embeddable":true,"href":"https:\/\/marqalicante-admin.qwair.com\/en\/wp-json\/wp\/v2\/categories?post=34709"},{"taxonomy":"post_tag","embeddable":true,"href":"https:\/\/marqalicante-admin.qwair.com\/en\/wp-json\/wp\/v2\/tags?post=34709"}],"curies":[{"name":"wp","href":"https:\/\/api.w.org\/{rel}","templated":true}]}}