{"id":34707,"date":"2024-01-25T14:49:00","date_gmt":"2024-01-25T14:49:00","guid":{"rendered":"https:\/\/marqalicante-admin.qwair.com\/2024\/01\/25\/el-marq-presenta-en-fitur-la-proxima-exposicion-internacional-dinastias-los-primeros-reinos-de-la-europa-prehistorica\/"},"modified":"2024-01-25T14:49:00","modified_gmt":"2024-01-25T14:49:00","slug":"el-marq-presenta-en-fitur-la-proxima-exposicion-internacional-dinastias-los-primeros-reinos-de-la-europa-prehistorica","status":"publish","type":"post","link":"https:\/\/marqalicante-admin.qwair.com\/en\/el-marq-presenta-en-fitur-la-proxima-exposicion-internacional-dinastias-los-primeros-reinos-de-la-europa-prehistorica\/","title":{"rendered":"MARQ presents at FITUR the next international exhibition \"Dynasties. The first kingdoms of Prehistoric Europe\"."},"content":{"rendered":"<p style=\"margin-left:0cm; margin-right:0cm; text-align:center\"><img decoding=\"async\" alt=\"\" src=\"\/contenido\/genericas\/6C2D5F61-FBA4-44BA-9143-899C48BA678C.jpeg\" style=\"height:363px; width:500px\" \/><\/p>\n<p style=\"margin-left:0cm; margin-right:0cm; text-align:justify\"><span style=\"font-size:11pt\"><span style=\"font-family:Calibri,sans-serif\"><span style=\"color:black\"><span style=\"font-size:12.0pt\"><span style=\"font-family:&quot;Arial&quot;,sans-serif\">Eighteen museums and museum institutions<\/span><\/span><span style=\"font-size:12.0pt\"><span style=\"font-family:&quot;Arial&quot;,sans-serif\">\u00ed<\/span><\/span><span style=\"font-size:12.0pt\"><span style=\"font-family:&quot;Arial&quot;,sans-serif\">The characteristics of Spain<\/span><\/span><span style=\"font-size:12.0pt\"><span style=\"font-family:&quot;Arial&quot;,sans-serif\">a, Hungary<\/span><\/span><span style=\"font-size:12.0pt\"><span style=\"font-family:&quot;Arial&quot;,sans-serif\">\u00ed<\/span><\/span><span style=\"font-size:12.0pt\"><span style=\"font-family:&quot;Arial&quot;,sans-serif\">a, Slovakia, Germany, B<\/span><\/span><span style=\"font-size:12.0pt\"><span style=\"font-family:&quot;Arial&quot;,sans-serif\">\u00e9<\/span><\/span><span style=\"font-size:12.0pt\"><span style=\"font-family:&quot;Arial&quot;,sans-serif\">lgica, Portugal and Denmark are collaborating on the next exhibition which will be on display at the Archaeological Museum of Alicante, MARQ, from the end of March. This morning the President of the Provincial Council and President of the MARQ CV Foundation, Toni P\u00e9rez, presented the international exhibition \"Dynasties. The first kingdoms of Prehistoric Europe\". <\/span><\/span><\/span><\/span><\/span><\/p>\n<p style=\"margin-left:0cm; margin-right:0cm; text-align:justify\"><span style=\"font-size:11pt\"><span style=\"font-family:Calibri,sans-serif\"><span style=\"font-size:12.0pt\"><span style=\"font-family:&quot;Arial&quot;,sans-serif\">Toni P\u00e9rez highlighted \"the research and dissemination work carried out by the MARQ and Fundaci\u00f3n CV MARQ teams to present an exhibition such as <em>Dynasties. The early kingdoms of Europe<\/em> <em>Prehistoric <\/em>which will allow us to continue to enjoy a unique exhibition at the Alicante museum, dependent on the Provincial Council, which will bring us closer, in this case, to the Prehistory of our continent, in an era, the Bronze Age, which <\/span><\/span><span style=\"font-size:12.0pt\"><span style=\"font-family:&quot;Arial&quot;,sans-serif\">was a decisive turning point in the history of Europe. The moment in which many aspects that today form part of our reality took on a new nature: warlike confrontations, social inequality, national identity, competition for territory, technological development, international trade... in short, \"it will bring us closer to a new era, a new era that will bring us closer to the future\". <\/span><\/span><span style=\"font-size:12.0pt\"><span style=\"font-family:&quot;Arial&quot;,sans-serif\">&nbsp;our common history through European archaeological and cultural heritage\" to continue attracting tourists and visitors to our province, maintaining the level of excellence that the MARQ demonstrates at national and international level both for the exhibitions it presents and for the museum experience it offers its visitors, enriching the destination offer of our Costa Blanca, making it a unique experience.&nbsp; <\/span><\/span><\/span><\/span><\/p>\n<p style=\"margin-left:0cm; margin-right:0cm; text-align:justify\"><span style=\"font-size:11pt\"><span style=\"font-family:Calibri,sans-serif\"><span style=\"color:black\"><span style=\"font-size:12.0pt\"><span style=\"font-family:&quot;Arial&quot;,sans-serif\">Curated by Juan Antonio L\u00f3pez Padilla of the MARQ, Museo Arqueol\u00f3gico de Alicante, Roberto Risch, of the Universidad Aut\u00f3noma de Barcelona, and by <\/span><\/span><span style=\"font-size:12.0pt\"><span style=\"font-family:&quot;Arial&quot;,sans-serif\">J\u00e1nos Dani, from Museum D<\/span><\/span><span style=\"font-size:12.0pt\"><span style=\"font-family:&quot;Arial&quot;,sans-serif\">\u00e9<\/span><\/span><span style=\"font-size:12.0pt\"><span style=\"font-family:&quot;Arial&quot;,sans-serif\">ri, in Debrecen, Hungary. At <\/span><\/span><span style=\"font-size:12.0pt\"><span style=\"font-family:&quot;Arial&quot;,sans-serif\">The development of the scientific content<\/span><\/span><span style=\"font-size:12.0pt\"><span style=\"font-family:&quot;Arial&quot;,sans-serif\">\u00ed<\/span><\/span><span style=\"font-size:12.0pt\"><span style=\"font-family:&quot;Arial&quot;,sans-serif\">More than 70 researchers from all over Europe specialising in the study of the Bronze Age are taking part in the exhibition.<\/span><\/span><\/span><\/span><\/span><\/p>\n<p style=\"margin-left:0cm; margin-right:0cm; text-align:justify\"><span style=\"font-size:11pt\"><span style=\"font-family:Calibri,sans-serif\"><span style=\"color:black\"><span style=\"font-size:12.0pt\"><span style=\"font-family:&quot;Arial&quot;,sans-serif\">The group of pieces that have been brought together for the exhibition and which will be on display at the<\/span><\/span><span style=\"font-size:12.0pt\"><span style=\"font-family:&quot;Arial&quot;,sans-serif\">The public will be able to<\/span><\/span><span style=\"font-size:12.0pt\"><span style=\"font-family:&quot;Arial&quot;,sans-serif\">The group, which will be open to the public from March to October in the Temporary Halls of the MARQ, is a grouping never before assembled in Spain, which aims not only to offer the visitor the opportunity to appreciate masterpieces of craftsmanship and art, but also to enjoy a wide range of works of art and craftsmanship that will be on display in the Temporary Halls of the MARQ.<\/span><\/span><span style=\"font-size:12.0pt\"><span style=\"font-family:&quot;Arial&quot;,sans-serif\">\u00ed<\/span><\/span><span style=\"font-size:12.0pt\"><span style=\"font-family:&quot;Arial&quot;,sans-serif\">The aim is not only to understand, in a clear and accessible way, how and why the Bronze Age of continental Europe was created, but also to understand, in a clear and accessible way, how and why it was created.<\/span><\/span><span style=\"font-size:12.0pt\"><span style=\"font-family:&quot;Arial&quot;,sans-serif\">\u00e9 <\/span><\/span><span style=\"font-size:12.0pt\"><span style=\"font-family:&quot;Arial&quot;,sans-serif\">were created<\/span><\/span><span style=\"font-size:12.0pt\"><span style=\"font-family:&quot;Arial&quot;,sans-serif\">who<\/span><\/span><span style=\"font-size:12.0pt\"><span style=\"font-family:&quot;Arial&quot;,sans-serif\">The Commission's proposal is based on the following principles: who its creators were and what it was designed to achieve.<\/span><\/span><span style=\"font-size:12.0pt\"><span style=\"font-family:&quot;Arial&quot;,sans-serif\">\u00e9 <\/span><\/span><span style=\"font-size:12.0pt\"><span style=\"font-family:&quot;Arial&quot;,sans-serif\">and who<\/span><\/span><span style=\"font-size:12.0pt\"><span style=\"font-family:&quot;Arial&quot;,sans-serif\">\u00e9<\/span><\/span><span style=\"font-size:12.0pt\"><span style=\"font-family:&quot;Arial&quot;,sans-serif\">nes were created.<\/span><\/span><\/span><\/span><\/span><\/p>\n<p style=\"margin-left:0cm; margin-right:0cm; text-align:justify\"><span style=\"font-size:11pt\"><span style=\"font-family:Calibri,sans-serif\"><span style=\"color:black\"><span style=\"font-size:12.0pt\"><span style=\"font-family:&quot;Arial&quot;,sans-serif\">Among the exceptional pieces that could be<\/span><\/span><span style=\"font-size:12.0pt\"><span style=\"font-family:&quot;Arial&quot;,sans-serif\">\u00e1<\/span><\/span><span style=\"font-size:12.0pt\"><span style=\"font-family:&quot;Arial&quot;,sans-serif\">n the three halls of the MARQ there are several groups of extraordinary patrimonial value, such as <\/span><\/span><span style=\"font-size:12.0pt\"><span style=\"font-family:&quot;Arial&quot;,sans-serif\">the golden tiara of Quinta da <\/span><\/span><span style=\"font-size:12.0pt\"><span style=\"font-family:&quot;Arial&quot;,sans-serif\">\u00c1<\/span><\/span><span style=\"font-size:12.0pt\"><span style=\"font-family:&quot;Arial&quot;,sans-serif\">gua Branca (Portugal), <\/span><\/span><span style=\"font-size:12.0pt\"><span style=\"font-family:&quot;Arial&quot;,sans-serif\">the decorated sword and battle axe of T<\/span><\/span><span style=\"font-size:12.0pt\"><span style=\"font-family:&quot;Arial&quot;,sans-serif\">\u00e9<\/span><\/span><span style=\"font-size:12.0pt\"><span style=\"font-family:&quot;Arial&quot;,sans-serif\">glas<\/span><\/span><span style=\"font-size:12.0pt\"><span style=\"font-family:&quot;Arial&quot;,sans-serif\"> (Hungr<\/span><\/span><span style=\"font-size:12.0pt\"><span style=\"font-family:&quot;Arial&quot;,sans-serif\">s), <\/span><\/span><span style=\"font-size:12.0pt\"><span style=\"font-family:&quot;Arial&quot;,sans-serif\">the trousseau of the t<\/span><\/span><span style=\"font-size:12.0pt\"><span style=\"font-family:&quot;Arial&quot;,sans-serif\">Leubingen cumulus<\/span><\/span><span style=\"font-size:12.0pt\"><span style=\"font-family:&quot;Arial&quot;,sans-serif\"> (Germany), the halberds of the<\/span><\/span><span style=\"font-size:12.0pt\"><span style=\"font-family:&quot;Arial&quot;,sans-serif\">Meltz site<\/span><\/span><span style=\"font-size:12.0pt\"><span style=\"font-family:&quot;Arial&quot;,sans-serif\"> (Germany), the gold hat from Schifferstadt (Germany) or the gold-hilted sword from Guadalajara and the gold diadem from Caravaca de la Cruz (Spain).<\/span><\/span><span style=\"font-size:12.0pt\"><span style=\"font-family:&quot;Arial&quot;,sans-serif\">a). <\/span><\/span><\/span><\/span><\/span><\/p>\n<p style=\"margin-left:0cm; margin-right:0cm; text-align:justify\"><span style=\"font-size:11pt\"><span style=\"font-family:Calibri,sans-serif\"><span style=\"color:black\"><span style=\"font-size:12.0pt\"><span style=\"font-family:&quot;Arial&quot;,sans-serif\">In addition to these objects, the exhibition also<\/span><\/span><span style=\"font-size:12.0pt\"><span style=\"font-family:&quot;Arial&quot;,sans-serif\">\u00e9<\/span><\/span><span style=\"font-size:12.0pt\"><span style=\"font-family:&quot;Arial&quot;,sans-serif\">The Commission's intention is to bring our country into the European Union.<\/span><\/span><span style=\"font-size:12.0pt\"><span style=\"font-family:&quot;Arial&quot;,sans-serif\">\u00ed<\/span><\/span><span style=\"font-size:12.0pt\"><span style=\"font-family:&quot;Arial&quot;,sans-serif\">s, for the first time, a wide selection of pieces from the 19th century excavations carried out in Spain by the Siret brothers in Almeria.<\/span><\/span><span style=\"font-size:12.0pt\"><span style=\"font-family:&quot;Arial&quot;,sans-serif\">\u00ed<\/span><\/span><span style=\"font-size:12.0pt\"><span style=\"font-family:&quot;Arial&quot;,sans-serif\">They have been kept in the Museum of Art and History in Brussels for the last few years. <\/span><\/span><span style=\"font-size:12.0pt\"><span style=\"font-family:&quot;Arial&quot;,sans-serif\">last 120 years<\/span><\/span><span style=\"font-size:12.0pt\"><span style=\"font-family:&quot;Arial&quot;,sans-serif\">\u00f1<\/span><\/span><span style=\"font-size:12.0pt\"><span style=\"font-family:&quot;Arial&quot;,sans-serif\">os.<\/span><\/span><\/span><\/span><\/span><\/p>\n<p style=\"margin-left:0cm; margin-right:0cm; text-align:justify\"><span style=\"font-size:11pt\"><span style=\"font-family:Calibri,sans-serif\"><span style=\"color:black\"><span style=\"font-size:12.0pt\"><span style=\"font-family:&quot;Arial&quot;,sans-serif\">Among the original pieces will also be exhibited<\/span><\/span><span style=\"font-size:12.0pt\"><span style=\"font-family:&quot;Arial&quot;,sans-serif\">\u00e1 <\/span><\/span><span style=\"font-size:12.0pt\"><span style=\"font-family:&quot;Arial&quot;,sans-serif\">one of the gold-knobbed swords from the Nebra Disc ensemble, the first known representation of the celestial vault in Europe, which was included in the UNESCO Memory of the World Register in 2013.<\/span><\/span><\/span><\/span><\/span><\/p>\n<p style=\"margin-left:0cm; margin-right:0cm; text-align:justify\"><span style=\"font-size:11pt\"><span style=\"font-family:Calibri,sans-serif\"><span style=\"color:black\"><span style=\"font-size:12.0pt\"><span style=\"font-family:&quot;Arial&quot;,sans-serif\">The MARQ brings to the exhibition 26 outstanding pieces from its collection, both from the permanent exhibition and from its warehouses, some of which will be on display at the MARQ.<\/span><\/span><span style=\"font-size:12.0pt\"><span style=\"font-family:&quot;Arial&quot;,sans-serif\">\u00e1<\/span><\/span><span style=\"font-size:12.0pt\"><span style=\"font-family:&quot;Arial&quot;,sans-serif\">The Commission has also proposed that the Commission expose the Commission to the risk of exposure to the risk of<\/span><\/span><span style=\"font-size:12.0pt\"><span style=\"font-family:&quot;Arial&quot;,sans-serif\">\u00fa<\/span><\/span><span style=\"font-size:12.0pt\"><span style=\"font-family:&quot;Arial&quot;,sans-serif\">The Commission's first public consultation.<\/span><\/span><\/span><\/span><\/span><\/p>\n<p style=\"margin-left:0cm; margin-right:0cm; text-align:justify\">&nbsp;<\/p>\n<p style=\"margin-left:0cm; margin-right:0cm; text-align:justify\">&nbsp;<\/p>\n<p style=\"margin-left:0cm; margin-right:0cm\">&nbsp;<\/p>","protected":false},"excerpt":{"rendered":"<p>Dieciocho museos e instituciones muse&iacute;sticas de Espa&ntilde;a, Hungr&iacute;a, Eslovaquia, Alemania, B&eacute;lgica, Portugal y Dinamarca colaboran<span class=\"excerpt-hellip\"> [\u2026]<\/span><\/p>\n","protected":false},"author":3,"featured_media":0,"comment_status":"open","ping_status":"open","sticky":false,"template":"","format":"standard","meta":{"kia_subtitle":"","footnotes":""},"categories":[],"tags":[],"class_list":["post-34707","post","type-post","status-publish","format-standard","hentry"],"meta_box":[],"_links":{"self":[{"href":"https:\/\/marqalicante-admin.qwair.com\/en\/wp-json\/wp\/v2\/posts\/34707","targetHints":{"allow":["GET"]}}],"collection":[{"href":"https:\/\/marqalicante-admin.qwair.com\/en\/wp-json\/wp\/v2\/posts"}],"about":[{"href":"https:\/\/marqalicante-admin.qwair.com\/en\/wp-json\/wp\/v2\/types\/post"}],"author":[{"embeddable":true,"href":"https:\/\/marqalicante-admin.qwair.com\/en\/wp-json\/wp\/v2\/users\/3"}],"replies":[{"embeddable":true,"href":"https:\/\/marqalicante-admin.qwair.com\/en\/wp-json\/wp\/v2\/comments?post=34707"}],"version-history":[{"count":0,"href":"https:\/\/marqalicante-admin.qwair.com\/en\/wp-json\/wp\/v2\/posts\/34707\/revisions"}],"wp:attachment":[{"href":"https:\/\/marqalicante-admin.qwair.com\/en\/wp-json\/wp\/v2\/media?parent=34707"}],"wp:term":[{"taxonomy":"category","embeddable":true,"href":"https:\/\/marqalicante-admin.qwair.com\/en\/wp-json\/wp\/v2\/categories?post=34707"},{"taxonomy":"post_tag","embeddable":true,"href":"https:\/\/marqalicante-admin.qwair.com\/en\/wp-json\/wp\/v2\/tags?post=34707"}],"curies":[{"name":"wp","href":"https:\/\/api.w.org\/{rel}","templated":true}]}}