{"id":34634,"date":"2023-03-21T08:38:00","date_gmt":"2023-03-21T08:38:00","guid":{"rendered":"https:\/\/marqalicante-admin.qwair.com\/2023\/03\/21\/jubilacion-rafael-azuar-ruiz\/"},"modified":"2023-03-21T08:38:00","modified_gmt":"2023-03-21T08:38:00","slug":"jubilacion-rafael-azuar-ruiz","status":"publish","type":"post","link":"https:\/\/marqalicante-admin.qwair.com\/en\/jubilacion-rafael-azuar-ruiz\/","title":{"rendered":"Retirement Rafael Azuar Ruiz"},"content":{"rendered":"<p>&nbsp;<img decoding=\"async\" alt=\"\" src=\"\/contenido\/genericas\/IMG_4051%20(002).JPG\" style=\"height:357px; width:733px\" \/><\/p>\n<p style=\"margin-left:0cm; margin-right:0cm; text-align:justify\"><span style=\"font-size:11pt\"><span style=\"font-family:Calibri,sans-serif\"><span style=\"font-family:TimesNewRomanPSMT\">&nbsp; &nbsp; <\/span><\/span><\/span><\/p>\n<p style=\"margin-left:0cm; margin-right:0cm; text-align:justify\"><span style=\"font-size:11pt\"><span style=\"font-family:Calibri,sans-serif\"><span style=\"font-family:&quot;Tahoma&quot;,sans-serif\">Today we have celebrated the beginning of a new stage in the retirement of a friend, Rafael Azuar Ruiz, a native of Alicante (1956), Doctor in Philosophy and Letters from the University of Alicante (1987) and Curator-Cataloguist of the Provincial Archaeological Museum of Alicante since 1982. As its Technical Director, from 1996 to 2006, he directed the project and execution of the new Museum, the current MARQ, inaugurated in May 2002 and recognised with the award <em>EMYA 2004 <\/em>The European Museum of the Year Award granted by the European Museum Forum.  Rafael Azuar has been a Trustee of the MARQ CV Foundation since it was established in November 2001. Under his direction, the MARQ achieved the European Standard certification. <em>ISO 9001: 2000 <\/em>for their Quality Management Systems. <\/span><\/span><\/span><\/p>\n<p style=\"margin-left:0cm; margin-right:0cm; text-align:justify\"><span style=\"font-size:11pt\"><span style=\"font-family:Calibri,sans-serif\"><span style=\"font-family:&quot;Tahoma&quot;,sans-serif\">Between 2006 and 2009, he was director of the National Museum of Underwater Archaeology in Cartagena, under the Directorate General of Fine Arts and Heritage of the Ministry of Culture, which opened in November 2008. He has been Coordinator of the Scientific Committee for the monitoring of the <em>National Plan for the Protection of Spanish Underwater Cultural Heritage, <\/em>chairman of the executive committee of <em>ICOM-Spain, <\/em>since 2007, and a member of the <em>Board of the Professional Association of Museologists of Spain (APME)<\/em>) 2003-2010. He has given several lectures and published articles on the museological programme and museographic installation in various specialised publications, such as the magazine of the Ministry of Culture <em>Museos.es and <\/em>magazines: <em>Mnem\u00f2sine<\/em>. Revista Catalana de Museos (1,2004) of the Association of Museologists of Catalonia; <em>Mus-A <\/em>(5, 2005) of the Junta de Andaluc\u00eda; <em>Museum (<\/em>10, 2005) of the Asociaci\u00f3n Profesional de Muse\u00f3logos de Espa\u00f1a, and in the <em>International Meetings on Current Events in Museography<\/em>of ICOM-Spain. He is also a lecturer at the <em>Master in Museums: Education and Communication <\/em>(2005-2010) of the University of Zaragoza; of the <em>Online Master in Museology and Museums<\/em>of Liceus. Management and Communication Services. Madrid (2007-2010); of <em>Master in Historical and Cultural Heritage Management <\/em>at the Complutense University of Madrid (2009-2010). He has taught courses at, among others, the <em>Master of Museology<\/em>of the U. Polit\u00e9cnica de Valencia (2002); in the Master's degree of <em>\"Management of Museums and Heritage Resources\". <\/em>of the CEU-Diputaci\u00f3n de Valencia (2004); in Zaragoza, at the training course for technicians in Cultural Management of Arag\u00f3n (2004); in Tarragona, organised by the Association of Museums of Catalonia; at the <em>University Master's Degree in Museology <\/em>(2005-6, 2006-2007), University of Granada. His training is archaeological, as attested by his doctorate with a \".<em>Archaeological study of the Islamic settlement of the Alicante mountains: the amal of Denia<\/em>(1987), the basis of his monograph on the \"...\" (1987), the basis of his monograph on the \"...\" (1987).<em>Islamic Denia. Archaeology and settlement<\/em>\"(1989) A fundamental work in a career as a specialist in Medieval Archaeology punctuated by more than a dozen books dedicated to disseminating his research in excavations, among others, carried out in <em>\"El Castillo del R\u00edo (Aspe, Alicante). Archaeology of an Andalusian settlement and the transition to feudalism (12th-13th centuries)\".<\/em>(Alicante, 1994) or in the site declared BIC of: <em>\"La r\u00e1bita califal de Guardamar del Segura (Alicante). Ceramics, fauna, malacofauna and epigraphy\".<\/em>\"(Alicante, 1989) and in its edition co-published with the Casa de Vel\u00e1zquez: \"<em>Fouilles de la R\u00e1bita de Guardamar I: El rib\u00e2t califal. Excavations and research (1984-1992)\". <\/em>(Madrid, 2004). <\/span><\/span><\/span><\/p>\n<p style=\"margin-left:0cm; margin-right:0cm\">&nbsp;<\/p>","protected":false},"excerpt":{"rendered":"<p>&nbsp; &nbsp; &nbsp; Hoy hemos celebrado el inicio de una nueva etapa como jubilado de<span class=\"excerpt-hellip\"> [\u2026]<\/span><\/p>\n","protected":false},"author":3,"featured_media":0,"comment_status":"open","ping_status":"open","sticky":false,"template":"","format":"standard","meta":{"kia_subtitle":"","footnotes":""},"categories":[],"tags":[],"class_list":["post-34634","post","type-post","status-publish","format-standard","hentry"],"meta_box":[],"_links":{"self":[{"href":"https:\/\/marqalicante-admin.qwair.com\/en\/wp-json\/wp\/v2\/posts\/34634","targetHints":{"allow":["GET"]}}],"collection":[{"href":"https:\/\/marqalicante-admin.qwair.com\/en\/wp-json\/wp\/v2\/posts"}],"about":[{"href":"https:\/\/marqalicante-admin.qwair.com\/en\/wp-json\/wp\/v2\/types\/post"}],"author":[{"embeddable":true,"href":"https:\/\/marqalicante-admin.qwair.com\/en\/wp-json\/wp\/v2\/users\/3"}],"replies":[{"embeddable":true,"href":"https:\/\/marqalicante-admin.qwair.com\/en\/wp-json\/wp\/v2\/comments?post=34634"}],"version-history":[{"count":0,"href":"https:\/\/marqalicante-admin.qwair.com\/en\/wp-json\/wp\/v2\/posts\/34634\/revisions"}],"wp:attachment":[{"href":"https:\/\/marqalicante-admin.qwair.com\/en\/wp-json\/wp\/v2\/media?parent=34634"}],"wp:term":[{"taxonomy":"category","embeddable":true,"href":"https:\/\/marqalicante-admin.qwair.com\/en\/wp-json\/wp\/v2\/categories?post=34634"},{"taxonomy":"post_tag","embeddable":true,"href":"https:\/\/marqalicante-admin.qwair.com\/en\/wp-json\/wp\/v2\/tags?post=34634"}],"curies":[{"name":"wp","href":"https:\/\/api.w.org\/{rel}","templated":true}]}}