{"id":34599,"date":"2022-10-08T08:42:00","date_gmt":"2022-10-08T08:42:00","guid":{"rendered":"https:\/\/marqalicante-admin.qwair.com\/2022\/10\/08\/la-diputacion-inicia-la-recuperacion-del-entorno-del-pla-de-petracos-afectado-por-el-incendio-de-la-vall-de-ebo\/"},"modified":"2022-10-08T08:42:00","modified_gmt":"2022-10-08T08:42:00","slug":"la-diputacion-inicia-la-recuperacion-del-entorno-del-pla-de-petracos-afectado-por-el-incendio-de-la-vall-de-ebo","status":"publish","type":"post","link":"https:\/\/marqalicante-admin.qwair.com\/en\/la-diputacion-inicia-la-recuperacion-del-entorno-del-pla-de-petracos-afectado-por-el-incendio-de-la-vall-de-ebo\/","title":{"rendered":"The Provincial Council begins the recovery of the area around Pla de Petracos affected by the fire in La Vall de Ebo."},"content":{"rendered":"<p style=\"margin-left:0cm; margin-right:0cm; text-align:center\"><img decoding=\"async\" alt=\"\" src=\"\/contenido\/genericas\/Pla%20de%20Petracos%204.jpg\" style=\"height:338px; width:450px\" \/><\/p>\n<p style=\"margin-left:0cm; margin-right:0cm; text-align:justify\"><span style=\"font-size:12pt\"><span style=\"font-family:LTAroma\"><span style=\"font-size:11.0pt\"><span style=\"font-family:&quot;Verdana&quot;,sans-serif\">The <strong>Alicante Provincial Council <\/strong>has started this week the work of <strong>cleaning and recovery of the surroundings of the Pla de Petracos site<\/strong> affected by the devastating fire in La Vall de Ebo last August. <\/span><\/span><\/span><\/span><\/p>\n<p style=\"margin-left:0cm; margin-right:0cm; text-align:justify\"><span style=\"font-size:12pt\"><span style=\"font-family:LTAroma\"><span style=\"font-size:11.0pt\"><span style=\"font-family:&quot;Verdana&quot;,sans-serif\">The Member of Parliament for Architecture,<strong> Jose Ram\u00f3n Gonz\u00e1lez de Z\u00e1rate<\/strong>visited this week the <strong>Neolithic sanctuary<\/strong> at <strong>Castell de Castells<\/strong> to see on the ground and assess the damage caused in the area together with the mayor of the municipality, <strong>Vicente Tom\u00e1s Estalrich<\/strong>The director of the Architecture Department of the provincial institution, <strong>Rafael P\u00e9rez<\/strong>and the director of the MUBAG and archaeologist, <strong>Jorge A. Soler<\/strong>.&nbsp;<a href=\"https:\/\/www.designbags.cn\" target=\"_blank\" rel=\"noopener\">designbags.cn<\/a><\/span><\/span><\/span><\/span><\/p>\n<p style=\"margin-left:0cm; margin-right:0cm; text-align:justify\"><span style=\"font-size:12pt\"><span style=\"font-family:LTAroma\"><span style=\"font-size:11.0pt\"><span style=\"font-family:&quot;Verdana&quot;,sans-serif\">Following the inspection of the rock shelters which house the rock paintings of the <strong>Macroschematic Art<\/strong> and its surroundings, the team of technicians found that the surfaces of the cultural legacy of rock art had not suffered any damage. As the deputy explained, \"fortunately, the structure erected years ago by the Diputaci\u00f3n de Alicante to observe the shelters has served to protect this historical treasure and slowed the advance of the devastating fire\". <\/span><\/span><\/span><\/span><\/p>\n<p style=\"margin-left:0cm; margin-right:0cm; text-align:justify\"><span style=\"font-size:12pt\"><span style=\"font-family:LTAroma\"><span style=\"font-size:11.0pt\"><span style=\"font-family:&quot;Verdana&quot;,sans-serif\">However, both the <strong>handrail infrastructures and information panels<\/strong> and part of the accesses were damaged by the fire, as well as the trees and bushes in the area, which currently present a \"desolate landscape\", Gonz\u00e1lez de Z\u00e1rate pointed out. For this reason, teams from the provincial institution, in collaboration with the Castell de Castells Town Council, are already in the area working on cleaning and restoring the damaged accesses and elements.<\/span><\/span><\/span><\/span><span style=\"font-size:12pt\"><span style=\"font-family:LTAroma\">&nbsp;<\/span><\/span><\/p>\n<p style=\"margin-left:0cm; margin-right:0cm; text-align:justify\"><span style=\"font-size:12pt\"><span style=\"font-family:LTAroma\"><span style=\"color:black\"><span style=\"font-size:11.0pt\"><span style=\"font-family:&quot;Verdana&quot;,sans-serif\">E<\/span><\/span><span style=\"font-size:11.0pt\"><span style=\"font-family:&quot;Verdana&quot;,sans-serif\">he pictorial ensemble of the site, one of the most important in the Mediterranean Arc, has been declared a <strong>UNESCO World Heritage Site<\/strong> and the Diputaci\u00f3n, as a result of the agreement of <strong>cooperation<\/strong> signed in 2000 <strong>with the Castell de Castells Town Council<\/strong>works in the <strong>protection and dissemination of this site<\/strong>as well as in the <strong>update<\/strong> of scientific content and in the <strong>facility management and maintenance<\/strong>The site as well as the Interpretation Centre. <\/span><\/span><\/span><\/span><\/span><\/p>\n<p style=\"margin-left:0cm; margin-right:0cm; text-align:justify\">&nbsp;<\/p>","protected":false},"excerpt":{"rendered":"<p>La Diputaci&oacute;n de Alicante ha iniciado esta semana los trabajos de limpieza y recuperaci&oacute;n del<span class=\"excerpt-hellip\"> [\u2026]<\/span><\/p>\n","protected":false},"author":3,"featured_media":0,"comment_status":"open","ping_status":"open","sticky":false,"template":"","format":"standard","meta":{"kia_subtitle":"","footnotes":""},"categories":[],"tags":[],"class_list":["post-34599","post","type-post","status-publish","format-standard","hentry"],"meta_box":[],"_links":{"self":[{"href":"https:\/\/marqalicante-admin.qwair.com\/en\/wp-json\/wp\/v2\/posts\/34599","targetHints":{"allow":["GET"]}}],"collection":[{"href":"https:\/\/marqalicante-admin.qwair.com\/en\/wp-json\/wp\/v2\/posts"}],"about":[{"href":"https:\/\/marqalicante-admin.qwair.com\/en\/wp-json\/wp\/v2\/types\/post"}],"author":[{"embeddable":true,"href":"https:\/\/marqalicante-admin.qwair.com\/en\/wp-json\/wp\/v2\/users\/3"}],"replies":[{"embeddable":true,"href":"https:\/\/marqalicante-admin.qwair.com\/en\/wp-json\/wp\/v2\/comments?post=34599"}],"version-history":[{"count":0,"href":"https:\/\/marqalicante-admin.qwair.com\/en\/wp-json\/wp\/v2\/posts\/34599\/revisions"}],"wp:attachment":[{"href":"https:\/\/marqalicante-admin.qwair.com\/en\/wp-json\/wp\/v2\/media?parent=34599"}],"wp:term":[{"taxonomy":"category","embeddable":true,"href":"https:\/\/marqalicante-admin.qwair.com\/en\/wp-json\/wp\/v2\/categories?post=34599"},{"taxonomy":"post_tag","embeddable":true,"href":"https:\/\/marqalicante-admin.qwair.com\/en\/wp-json\/wp\/v2\/tags?post=34599"}],"curies":[{"name":"wp","href":"https:\/\/api.w.org\/{rel}","templated":true}]}}