{"id":34572,"date":"2022-06-29T11:59:00","date_gmt":"2022-06-29T11:59:00","guid":{"rendered":"https:\/\/marqalicante-admin.qwair.com\/2022\/06\/29\/la-diputacion-publica-la-trayectoria-historica-en-materia-de-conservacion-de-los-castillos-de-la-provincia\/"},"modified":"2022-06-29T11:59:00","modified_gmt":"2022-06-29T11:59:00","slug":"la-diputacion-publica-la-trayectoria-historica-en-materia-de-conservacion-de-los-castillos-de-la-provincia","status":"publish","type":"post","link":"https:\/\/marqalicante-admin.qwair.com\/en\/la-diputacion-publica-la-trayectoria-historica-en-materia-de-conservacion-de-los-castillos-de-la-provincia\/","title":{"rendered":"The Provincial Council publishes the historical trajectory of the conservation of the province's castles"},"content":{"rendered":"<p style=\"margin-left:0cm; margin-right:0cm; text-align:center\"><img decoding=\"async\" alt=\"\" src=\"\/contenido\/genericas\/IMG_3079.JPG\" style=\"height:240px; width:500px\" \/><\/p>\n<p style=\"margin-left:0cm; margin-right:0cm; text-align:justify\"><span style=\"font-size:12pt\"><span style=\"font-family:LTAroma\"><span style=\"color:black\"><span style=\"font-size:11.0pt\"><span style=\"font-family:&quot;Verdana&quot;,sans-serif\">The <strong>Alicante Provincial Council<\/strong> has published the book <\/span><\/span><em><span style=\"font-size:11.0pt\"><span style=\"font-family:&quot;Verdana&quot;,sans-serif\">Alicante's castles and their intervention projects <\/span><\/span><\/em><span style=\"font-size:11.0pt\"><span style=\"font-family:&quot;Verdana&quot;,sans-serif\">which records the proceedings<em> <\/em>from <strong>first seminar on fortifications in the province<\/strong> held in 2019.<\/span><\/span><span style=\"font-size:11.0pt\"><span style=\"font-family:&quot;Verdana&quot;,sans-serif\"> The edition brings together the <strong>assessment by recognised experts<\/strong> on the long historical trajectory of actions, as well as the increase in investments, projects and strategies in our territory.<\/span><\/span><\/span><\/span><\/span><\/p>\n<p style=\"margin-left:0cm; margin-right:0cm; text-align:justify\"><span style=\"font-size:12pt\"><span style=\"font-family:&quot;Times New Roman&quot;,serif\"><span style=\"font-size:11.0pt\"><span style=\"font-family:&quot;Verdana&quot;,sans-serif\">The First Vice-President and Member of Parliament for Culture, <strong>Julia Parra<\/strong>and the deputy for architecture, <strong>Jos\u00e9 Ram\u00f3n Gonz\u00e1lez de Z\u00e1rate<\/strong>This morning, they presented the publication, which highlights the valuable heritage of the province,<\/span><\/span><span style=\"font-size:11.0pt\"><span style=\"font-family:&quot;Verdana&quot;,sans-serif\"> one of the most important in the Iberian Peninsula due to its <strong>number - 250 fortifications -, quality and typological variety<\/strong>. <\/span><\/span><\/span><\/span><\/p>\n<p style=\"margin-left:0cm; margin-right:0cm; text-align:justify\"><span style=\"font-size:12pt\"><span style=\"font-family:&quot;Times New Roman&quot;,serif\"><span style=\"font-size:11.0pt\"><span style=\"font-family:&quot;Verdana&quot;,sans-serif\">Julia Parra highlighted \"the scientific, academic and informative value of this new MARQ publication, which I am sure will attract the attention of history lovers\". The provincial head thanked the authors \"for their contribution to the cultural and heritage knowledge of the castles and fortifications of our territory, an example of how to join forces and work in a coordinated manner in the conservation, dissemination and enhancement of buildings that are a fundamental part of the story of our history\".<\/span><\/span><\/span><\/span><\/p>\n<p style=\"margin-left:0cm; margin-right:0cm; text-align:justify\"><span style=\"font-size:12pt\"><span style=\"font-family:&quot;Times New Roman&quot;,serif\"><span style=\"font-size:11.0pt\"><span style=\"font-family:&quot;Verdana&quot;,sans-serif\">For his part, the deputy for Architecture has assured that the Provincial Council has developed <strong>numerous lines of subsidies<\/strong> aimed at heritage preservation. \"Our aim is to help all municipalities\", he explained, while highlighting \"the new aid for historical heritage, initially endowed with 2.5 million euros, which may be extended depending on the demands and needs\".<\/span><\/span><\/span><\/span><\/p>\n<p style=\"margin-left:0cm; margin-right:0cm; text-align:justify\"><span style=\"font-size:12pt\"><span style=\"font-family:&quot;Times New Roman&quot;,serif\"><span style=\"font-size:11.0pt\"><span style=\"font-family:&quot;Verdana&quot;,sans-serif\">As an example of the policies developed, Gonz\u00e1lez de Z\u00e1rate mentioned that \"a 450,000 euro project has already been put out to tender to guarantee the permanence of the Castillo de Planes, an action that is fundamental to guarantee preservation in small municipalities with few resources\".<\/span><\/span><\/span><\/span><\/p>\n<p style=\"margin-left:0cm; margin-right:0cm; text-align:justify\"><span style=\"font-size:12pt\"><span style=\"font-family:&quot;Times New Roman&quot;,serif\"><span style=\"font-size:11.0pt\"><span style=\"font-family:&quot;Verdana&quot;,sans-serif\">The volume compiles <strong>18 projects<\/strong> <\/span><\/span><span style=\"font-size:11.0pt\"><span style=\"font-family:&quot;Verdana&quot;,sans-serif\"><span style=\"color:black\">scattered throughout Alicante,<\/span><\/span><\/span><span style=\"font-size:11.0pt\"><span style=\"font-family:&quot;Verdana&quot;,sans-serif\"> some<strong> <\/strong>The aim of the project is to publicise this work by means of<\/span><\/span><span style=\"font-size:11.0pt\"><span style=\"font-family:&quot;Verdana&quot;,sans-serif\"><span style=\"color:black\"> The number of interventions has grown exponentially over the last few years.<\/span><\/span><\/span><\/span><\/span><\/p>\n<p style=\"margin-left:0cm; margin-right:0cm; text-align:justify\"><span style=\"font-size:12pt\"><span style=\"font-family:LTAroma\"><span style=\"color:black\"><span style=\"font-size:11.0pt\"><span style=\"font-family:&quot;Verdana&quot;,sans-serif\">The event was also attended by the Professor of Architecture of the University of Alicante, <strong>Andr\u00e9s Mart\u00ednez<\/strong>the director of MARQ, <strong>Manuel Olcina<\/strong>The director of the Architecture Department of the Provincial Council, <strong>Rafael P\u00e9rez<\/strong>the MARQ archaeologist, <strong>Jos\u00e9 Luis Men\u00e9ndez<\/strong>and the managing director of the CV-MARQ Foundation, <strong>Jos\u00e9 Alberto Cort\u00e9s<\/strong>.<\/span><\/span><\/span><\/span><\/span><\/p>\n<p style=\"margin-left:0cm; margin-right:0cm; text-align:justify\"><span style=\"font-size:12pt\"><span style=\"font-family:&quot;Times New Roman&quot;,serif\">&nbsp;<\/span><\/span><\/p>\n<p style=\"margin-left:0cm; margin-right:0cm; text-align:justify\">&nbsp;<\/p>\n<p style=\"margin-left:0cm; margin-right:0cm; text-align:justify\">&nbsp;<\/p>","protected":false},"excerpt":{"rendered":"<p>La Diputaci&oacute;n de Alicante ha publicado el libro Los castillos de Alicante ante sus proyectos<span class=\"excerpt-hellip\"> [\u2026]<\/span><\/p>\n","protected":false},"author":3,"featured_media":0,"comment_status":"open","ping_status":"open","sticky":false,"template":"","format":"standard","meta":{"kia_subtitle":"","footnotes":""},"categories":[],"tags":[],"class_list":["post-34572","post","type-post","status-publish","format-standard","hentry"],"meta_box":[],"_links":{"self":[{"href":"https:\/\/marqalicante-admin.qwair.com\/en\/wp-json\/wp\/v2\/posts\/34572","targetHints":{"allow":["GET"]}}],"collection":[{"href":"https:\/\/marqalicante-admin.qwair.com\/en\/wp-json\/wp\/v2\/posts"}],"about":[{"href":"https:\/\/marqalicante-admin.qwair.com\/en\/wp-json\/wp\/v2\/types\/post"}],"author":[{"embeddable":true,"href":"https:\/\/marqalicante-admin.qwair.com\/en\/wp-json\/wp\/v2\/users\/3"}],"replies":[{"embeddable":true,"href":"https:\/\/marqalicante-admin.qwair.com\/en\/wp-json\/wp\/v2\/comments?post=34572"}],"version-history":[{"count":0,"href":"https:\/\/marqalicante-admin.qwair.com\/en\/wp-json\/wp\/v2\/posts\/34572\/revisions"}],"wp:attachment":[{"href":"https:\/\/marqalicante-admin.qwair.com\/en\/wp-json\/wp\/v2\/media?parent=34572"}],"wp:term":[{"taxonomy":"category","embeddable":true,"href":"https:\/\/marqalicante-admin.qwair.com\/en\/wp-json\/wp\/v2\/categories?post=34572"},{"taxonomy":"post_tag","embeddable":true,"href":"https:\/\/marqalicante-admin.qwair.com\/en\/wp-json\/wp\/v2\/tags?post=34572"}],"curies":[{"name":"wp","href":"https:\/\/api.w.org\/{rel}","templated":true}]}}