{"id":34203,"date":"2018-11-28T11:57:39","date_gmt":"2018-11-28T11:57:39","guid":{"rendered":"https:\/\/marqalicante-admin.qwair.com\/2018\/11\/28\/el-marq-se-convierte-en-el-primer-museo-de-espana-en-obtener-la-certificacion-q-de-calidad-turistica-2\/"},"modified":"2018-11-28T11:57:39","modified_gmt":"2018-11-28T11:57:39","slug":"el-marq-se-convierte-en-el-primer-museo-de-espana-en-obtener-la-certificacion-q-de-calidad-turistica-2","status":"publish","type":"post","link":"https:\/\/marqalicante-admin.qwair.com\/en\/el-marq-se-convierte-en-el-primer-museo-de-espana-en-obtener-la-certificacion-q-de-calidad-turistica-2\/","title":{"rendered":"The MARQ becomes the first museum in Spain to obtain the Q for Tourism Quality certification."},"content":{"rendered":"<p>&nbsp;<\/p>\n<p><img decoding=\"async\" alt=\"\" src=\"\/contenido\/genericas\/MARQ%20Q%20Calidad%201.jpg\" style=\"height:279px; width:448px\" \/><\/p>\n<p style=\"text-align:justify\"><span style=\"font-size:12pt\"><span style=\"font-family:&quot;Times New Roman&quot;,serif\"><span style=\"font-size:11.0pt\"><span style=\"font-family:&quot;Verdana&quot;,&quot;sans-serif&quot;\">C\u00e9sar S\u00e1nchez highlights the rigour of the Alicante museum in the management of its facilities, as well as its work on the renovation of its traditional exhibition system.<\/span><\/span><\/span><\/span><\/p>\n<p style=\"text-align:justify\"><span style=\"font-size:12pt\"><span style=\"font-family:&quot;Times New Roman&quot;,serif\"><span style=\"font-size:11.0pt\"><span style=\"font-family:&quot;Verdana&quot;,&quot;sans-serif&quot;\">Last year it was visited by more than 150,000 people.<\/span><\/span><\/span><\/span><\/p>\n<p style=\"margin-left:0cm; margin-right:0cm; text-align:justify\"><span style=\"font-size:12pt\"><span style=\"font-family:&quot;Times New Roman&quot;,serif\"><strong><span style=\"font-size:11.0pt\"><span style=\"font-family:&quot;Verdana&quot;,&quot;sans-serif&quot;\">&nbsp; &nbsp;&nbsp;<\/span><\/span><\/strong><span style=\"font-size:11.0pt\"><span style=\"font-family:&quot;Verdana&quot;,&quot;sans-serif&quot;\">The President of the Diputaci\u00f3n de Alicante, <strong>C\u00e9sar S\u00e1nchez<\/strong>yesterday in Madrid, where he collected the certificate <strong>Brand Q <\/strong>granted to the <strong>MARQ <\/strong>by the<strong> Spanish Tourism Quality Institute<\/strong>. The Alicante centre adds to its long list of awards and also becomes the first centre in the world to be awarded the <strong>first spanish museum to receive this distinction<\/strong> with which the conditions of <strong>organisation, services and facilities<\/strong> establishments or companies in the sector.<\/span><\/span><\/span><\/span><\/p>\n<p style=\"margin-left:0cm; margin-right:0cm; text-align:justify\"><span style=\"font-size:12pt\"><span style=\"font-family:&quot;Times New Roman&quot;,serif\"><span style=\"font-size:11.0pt\"><span style=\"font-family:&quot;Verdana&quot;,&quot;sans-serif&quot;\">S\u00e1nchez received the seal of Tourism Quality from the Director General of the ICTE, <strong>Fernando Fraile<\/strong>He highlighted the important position that museums have acquired in recent years as \"a focus of attraction and tourist attraction of the first order\". \"From the Diputaci\u00f3n de Alicante we are very proud of one of our cultural flagships. The MARQ is constantly working to increase the standards of quality that have made it one of the most important museums in Europe,\" said the president.<\/span><\/span><\/span><\/span><\/p>\n<p style=\"margin-left:0cm; margin-right:0cm; text-align:justify\"><span style=\"font-size:12pt\"><span style=\"font-family:&quot;Times New Roman&quot;,serif\"><span style=\"font-size:11.0pt\"><span style=\"font-family:&quot;Verdana&quot;,&quot;sans-serif&quot;\">The event was also attended by the managing director of the MARQ Foundation, <strong>Jos\u00e9 Alberto Cort\u00e9s<\/strong>and the technical director of the museum, <strong>Manuel Olcina<\/strong>. <\/span><\/span><\/span><\/span><\/p>\n<p style=\"margin-left:0cm; margin-right:0cm; text-align:justify\"><span style=\"font-size:12pt\"><span style=\"font-family:&quot;Times New Roman&quot;,serif\"><span style=\"font-size:11.0pt\"><span style=\"font-family:&quot;Verdana&quot;,&quot;sans-serif&quot;\">After obtaining this Q Mark, the Archaeological Museum of Alicante \"can boast of having achieved the utmost rigour in aspects related to its quality management system,\" said the president, who added that \"the MARQ has been committed for years to the renewal of the traditional exhibition system, understood as a collection of duly classified and catalogued finds. It is a project conceived and developed from the challenge of being the first archaeological museum of the 21st century and this type of recognition is proof of this\". <\/span><\/span><\/span><\/span><\/p>\n<p style=\"margin-left:0cm; margin-right:0cm; text-align:justify\"><span style=\"font-size:12pt\"><span style=\"font-family:&quot;Times New Roman&quot;,serif\"><span style=\"font-size:11.0pt\"><span style=\"font-family:&quot;Verdana&quot;,&quot;sans-serif&quot;\">The establishment of <strong>objectives<\/strong>the management of <strong>human resources<\/strong>the commitment to continuous improvement, the <strong>accessibility<\/strong>information and <strong>communication<\/strong>the <strong>attention<\/strong> the visitor, the reservation and <strong>TICKET SALES<\/strong>or the <strong>loyalty<\/strong> The museum has been awarded this mark for some of the aspects for which the Alicante museum has been awarded this mark. <\/span><\/span><\/span><\/span><\/p>\n<p style=\"margin-left:0cm; margin-right:0cm; text-align:justify\"><span style=\"font-size:12pt\"><span style=\"font-family:&quot;Times New Roman&quot;,serif\"><span style=\"font-size:11.0pt\"><span style=\"font-family:&quot;Verdana&quot;,&quot;sans-serif&quot;\">Aspects such as the <strong>management of facilities and equipment<\/strong>The exhibition will include aspects such as signage, security, exhibition space, toilets, shopping area and car park. <\/span><\/span><\/span><\/span><\/p>\n<p style=\"margin-left:0cm; margin-right:0cm; text-align:justify\"><span style=\"font-size:12pt\"><span style=\"font-family:&quot;Times New Roman&quot;,serif\"><span style=\"font-size:11.0pt\"><span style=\"font-family:&quot;Verdana&quot;,&quot;sans-serif&quot;\">The Alicante museum has received a <strong>excellent mark<\/strong>with a weighted result of 9.8 out of 10 for all audited services, which, in the words of the president, \"is a great source of pride for both the centre and the province, as it supports and consolidates the extraordinary management and services offered by the MARQ\".<\/span><\/span><\/span><\/span><\/p>\n<p style=\"margin-left:0cm; margin-right:0cm; text-align:justify\"><span style=\"font-size:12pt\"><span style=\"font-family:&quot;Times New Roman&quot;,serif\"><span style=\"font-size:11.0pt\"><span style=\"font-family:&quot;Verdana&quot;,&quot;sans-serif&quot;\">It should be recalled that the Archaeological Museum of Alicante, where the <strong>scientific and research rigour<\/strong> lives with a <strong>language of dissemination<\/strong> The event is open to the general public, with attendance figures rising year after year, and last year it reached nearly <strong>150,000 visitors<\/strong>.&nbsp;&nbsp;<\/span><\/span><\/span><\/span><span style=\"font-size:12pt\"><span style=\"font-family:&quot;Times New Roman&quot;,serif\"><span style=\"font-size:11.0pt\"><span style=\"font-family:&quot;Verdana&quot;,&quot;sans-serif&quot;\">&nbsp;<\/span><\/span><\/span><\/span><\/p>\n<p style=\"margin-left:0cm; margin-right:0cm; text-align:justify\"><span style=\"font-size:12pt\"><span style=\"font-family:&quot;Times New Roman&quot;,serif\"><span style=\"font-size:11.0pt\"><span style=\"font-family:&quot;Verdana&quot;,&quot;sans-serif&quot;\">&nbsp; The museum, the first to obtain this recognition, has been awarded this certification by the <strong>Standard UNE 302002<\/strong>2018 \"Museums. Requisitos para la prestaci\u00f3n del servicio de visitas\", recently published and developed by the ICTE, together with the Spanish Association for Standardisation (UNE), in a working group comprising the main museums in Spain, under the chairmanship of the Subdirecci\u00f3n General de Museos Estatales.<\/span><\/span><\/span><\/span><\/p>\n<p style=\"margin-left:0cm; margin-right:0cm; text-align:justify\">&nbsp;<\/p>\n<p style=\"margin-left:0cm; margin-right:0cm; text-align:justify\">&nbsp;<\/p>\n<p style=\"margin-left:0cm; margin-right:0cm; text-align:justify\">&nbsp;<\/p>\n<p style=\"margin-left:0cm; margin-right:0cm; text-align:justify\"><span style=\"font-size:12pt\"><span style=\"font-family:&quot;Times New Roman&quot;,serif\">&nbsp;&nbsp;&nbsp;&nbsp;&nbsp;&nbsp;&nbsp;&nbsp; &nbsp;<\/span><\/span><\/p>\n<p style=\"margin-left:0cm; margin-right:0cm; text-align:justify\">&nbsp;<\/p>","protected":false},"excerpt":{"rendered":"<p>&nbsp; C&eacute;sar S&aacute;nchez resalta el rigor del museo alicantino en la gesti&oacute;n de sus instalaciones,<span class=\"excerpt-hellip\"> [\u2026]<\/span><\/p>\n","protected":false},"author":3,"featured_media":0,"comment_status":"open","ping_status":"open","sticky":false,"template":"","format":"standard","meta":{"kia_subtitle":"","footnotes":""},"categories":[],"tags":[],"class_list":["post-34203","post","type-post","status-publish","format-standard","hentry"],"meta_box":[],"_links":{"self":[{"href":"https:\/\/marqalicante-admin.qwair.com\/en\/wp-json\/wp\/v2\/posts\/34203","targetHints":{"allow":["GET"]}}],"collection":[{"href":"https:\/\/marqalicante-admin.qwair.com\/en\/wp-json\/wp\/v2\/posts"}],"about":[{"href":"https:\/\/marqalicante-admin.qwair.com\/en\/wp-json\/wp\/v2\/types\/post"}],"author":[{"embeddable":true,"href":"https:\/\/marqalicante-admin.qwair.com\/en\/wp-json\/wp\/v2\/users\/3"}],"replies":[{"embeddable":true,"href":"https:\/\/marqalicante-admin.qwair.com\/en\/wp-json\/wp\/v2\/comments?post=34203"}],"version-history":[{"count":0,"href":"https:\/\/marqalicante-admin.qwair.com\/en\/wp-json\/wp\/v2\/posts\/34203\/revisions"}],"wp:attachment":[{"href":"https:\/\/marqalicante-admin.qwair.com\/en\/wp-json\/wp\/v2\/media?parent=34203"}],"wp:term":[{"taxonomy":"category","embeddable":true,"href":"https:\/\/marqalicante-admin.qwair.com\/en\/wp-json\/wp\/v2\/categories?post=34203"},{"taxonomy":"post_tag","embeddable":true,"href":"https:\/\/marqalicante-admin.qwair.com\/en\/wp-json\/wp\/v2\/tags?post=34203"}],"curies":[{"name":"wp","href":"https:\/\/api.w.org\/{rel}","templated":true}]}}