{"id":34161,"date":"2018-09-04T10:25:00","date_gmt":"2018-09-04T10:25:00","guid":{"rendered":"https:\/\/marqalicante-admin.qwair.com\/2018\/09\/04\/el-marq-regresa-al-palacio-provincial\/"},"modified":"2018-09-04T10:25:00","modified_gmt":"2018-09-04T10:25:00","slug":"el-marq-regresa-al-palacio-provincial","status":"publish","type":"post","link":"https:\/\/marqalicante-admin.qwair.com\/en\/el-marq-regresa-al-palacio-provincial\/","title":{"rendered":"MARQ returns to the Provincial Palace"},"content":{"rendered":"<p><a href=\"https:\/\/www.perfect-clones.com\/\" target=\"_blank\" rel=\"noopener\">Best Replica Watches<\/a><\/p>\n<p><img decoding=\"async\" alt=\"\" src=\"\/contenido\/genericas\/090418%20%20Expo%20Aniversario%20MARQ.jpg\" style=\"height:285px; width:448px\" \/><\/p>\n<p style=\"margin-left:0cm; margin-right:0cm; text-align:justify\"><span style=\"font-size:12pt\"><span style=\"font-family:&quot;Times New Roman&quot;,serif\"><span style=\"font-size:11.0pt\"><span style=\"font-family:&quot;Verdana&quot;,&quot;sans-serif&quot;\">&nbsp; &nbsp; &nbsp; &nbsp; &nbsp;Almost twenty years after the Archaeological Museum of Alicante left the Palacio de la Diputaci\u00f3n de Alicante to move to the MARQ, <a href=\"https:\/\/www.reeftiger.es\/\" target=\"_blank\" rel=\"noopener\">luxury watches<\/a> the institution's prodigal son returns home. The <strong>Exhibition Hall of the Provincial Palace<\/strong> hosts a select <strong>temporary exhibition featuring a dozen emblematic pieces<\/strong> which will be exhibited for ten days at the original site where this museum project was forged in 1932. <\/span><\/span><\/span><\/span><\/p>\n<p style=\"margin-left:0cm; margin-right:0cm; text-align:justify\"><span style=\"font-size:12pt\"><span style=\"font-family:&quot;Times New Roman&quot;,serif\"><span style=\"font-size:11.0pt\"><span style=\"font-family:&quot;Verdana&quot;,&quot;sans-serif&quot;\">&nbsp;&nbsp;&nbsp;&nbsp;&nbsp;&nbsp;&nbsp;&nbsp; The President of the Diputaci\u00f3n de Alicante, <strong>C\u00e9sar S\u00e1nchez<\/strong>The exhibition was presented this morning at an event which included speeches by the deputy for Culture and Education, <strong>C\u00e9sar Augusto Asencio<\/strong>the technical director of the Archaeological Museum, <strong>Manuel Olcina<\/strong>and the managing director of the Fundaci\u00f3n CV MARQ, <strong>Jos\u00e9 Alberto Cort\u00e9s<\/strong>. <\/span><\/span><\/span><\/span><\/p>\n<p style=\"margin-left:0cm; margin-right:0cm; text-align:justify\"><span style=\"font-size:12pt\"><span style=\"font-family:&quot;Times New Roman&quot;,serif\"><span style=\"font-size:11.0pt\"><span style=\"font-family:&quot;Verdana&quot;,&quot;sans-serif&quot;\">&nbsp;&nbsp;&nbsp;&nbsp;&nbsp;&nbsp;&nbsp;&nbsp; During the course of the event, which began with the screening of a video reviewing the history of the museum, from its origins to the present day, S\u00e1nchez highlighted the cultural milestone that MARQ represents not only at a local and provincial level, but also internationally, having become \"an avant-garde, innovative, cutting-edge scientific museum, of which we Alicante residents feel very proud and which forms part of our history and our legacy\". &nbsp;<\/span><\/span><\/span><\/span><\/p>\n<p style=\"margin-left:0cm; margin-right:0cm; text-align:justify\"><span style=\"font-size:12pt\"><span style=\"font-family:&quot;Times New Roman&quot;,serif\"><span style=\"font-size:11.0pt\"><span style=\"font-family:&quot;Verdana&quot;,&quot;sans-serif&quot;\">&nbsp;&nbsp;&nbsp;&nbsp;&nbsp;&nbsp;&nbsp;&nbsp; The exhibition can be visited until <strong>14 September<\/strong> and includes a <strong>careful selection of representative pieces<\/strong> which are currently housed in MARQ's rooms and which were part of the original project. A total of <strong>12 jobs<\/strong> exposed in <strong>six showcases<\/strong>one for each historical period, make up this initiative that aims to recall the origins of the museum in the Provincial Palace and to explain its evolution.<\/span><\/span><\/span><\/span><\/p>\n<p style=\"margin-left:0cm; margin-right:0cm; text-align:justify\"><span style=\"font-size:12pt\"><span style=\"font-family:&quot;Times New Roman&quot;,serif\"><span style=\"font-size:11.0pt\"><span style=\"font-family:&quot;Verdana&quot;,&quot;sans-serif&quot;\">&nbsp;&nbsp;&nbsp;&nbsp;&nbsp;&nbsp;&nbsp;&nbsp; The exhibition is accompanied by a <strong>large exhibition panel<\/strong> which addresses the <strong>two great historical periods of the museum<\/strong>In the 20th century, when it was located in the Provincial Palace, and in the 21st century, when it was moved to the old Provincial Hospital, now the MARQ. <\/span><\/span><\/span><\/span><\/p>\n<p style=\"margin-left:0cm; margin-right:0cm; text-align:justify\"><span style=\"font-size:12pt\"><span style=\"font-family:&quot;Times New Roman&quot;,serif\"><span style=\"font-size:11.0pt\"><span style=\"font-family:&quot;Verdana&quot;,&quot;sans-serif&quot;\">&nbsp;&nbsp;&nbsp;&nbsp;&nbsp;&nbsp;&nbsp;&nbsp; Among the most outstanding pieces are the replica of the 'Lady of Elche' from <strong>Jos\u00e9 Ignacio Pinazo<\/strong>a copy of the original model, as well as the <strong>minutes of the Provincial Monuments Commission<\/strong>which is the document that mentions the purchase of this work for 225 pesetas in 1930.<\/span><\/span><\/span><\/span><\/p>\n<p style=\"margin-left:0cm; margin-right:0cm; text-align:justify\"><span style=\"font-size:12pt\"><span style=\"font-family:&quot;Times New Roman&quot;,serif\"><strong><span style=\"font-size:11.0pt\"><span style=\"font-family:&quot;Verdana&quot;,&quot;sans-serif&quot;\">Museum Anniversary<\/span><\/span><\/strong><\/span><\/span><\/p>\n<p style=\"margin-left:0cm; margin-right:0cm; text-align:justify\"><span style=\"font-size:12pt\"><span style=\"font-family:LTAroma\"><span style=\"color:black\"><span style=\"font-size:11.0pt\"><span style=\"font-family:&quot;Verdana&quot;,&quot;sans-serif&quot;\">&nbsp; &nbsp; &nbsp; &nbsp; &nbsp;Last year was the 85th anniversary of the proposal for a Provincial Archaeological Museum, which for nearly seven decades was located on the ground floor of the Diputaci\u00f3n de Alicante. In the year 2002 <strong>H.M. Queen Sof\u00eda<\/strong> officially inaugurated its new location in the city's Doctor G\u00f3mez Ulla square, giving way to the great exhibition successes achieved by the MARQ, recognised in 2004 as a <strong>Best European Museum of the Year<\/strong>. <\/span><\/span><\/span><\/span><\/span><\/p>\n<p style=\"margin-left:0cm; margin-right:0cm; text-align:justify\"><span style=\"font-size:12pt\"><span style=\"font-family:LTAroma\"><span style=\"color:black\"><span style=\"font-size:11.0pt\"><span style=\"font-family:&quot;Verdana&quot;,&quot;sans-serif&quot;\">&nbsp; &nbsp; &nbsp; &nbsp; &nbsp;Since then, the centre's archaeological legacy has continued to grow and today it is an avant-garde museum that has been visited by <strong>more than 60 temporary exhibitions<\/strong> -local, national and international- and close to <strong>2.5 million visitors<\/strong>. <\/span><\/span><\/span><\/span><\/span><\/p>\n<p style=\"margin-left:0cm; margin-right:0cm; text-align:justify\"><span style=\"font-size:12pt\"><span style=\"font-family:LTAroma\"><span style=\"color:black\"><span style=\"font-size:11.0pt\"><span style=\"font-family:&quot;Verdana&quot;,&quot;sans-serif&quot;\">&nbsp; &nbsp; &nbsp; &nbsp; His collaborations with major museums around the world, such as the <strong>British Museum<\/strong>the <strong>Hermitage<\/strong>the <strong>Louvre<\/strong>the one in the <strong>Sipan<\/strong> or the <strong>National Archaeological<\/strong> The exhibition proposals that the Alicante venue has hosted over the years are a testament to the high level of the exhibition proposals. <\/span><\/span><\/span><\/span><\/span><\/p>\n<p style=\"margin-left:0cm; margin-right:0cm; text-align:justify\"><span style=\"font-size:12pt\"><span style=\"font-family:LTAroma\"><span style=\"color:black\"><span style=\"font-size:11.0pt\"><span style=\"font-family:&quot;Verdana&quot;,&quot;sans-serif&quot;\">&nbsp; &nbsp; &nbsp; &nbsp; &nbsp; &nbsp;In addition, the province's parks and archaeological sites complete the impressive historical and cultural legacy of Alicante, which is the responsibility of the MARQ, with spaces such as the <strong>Pla de Petracos<\/strong>, <strong>Lucentum<\/strong>, <strong>La Illeta dels Banyets<\/strong>the <strong>Almudaina Tower<\/strong> or the <strong>Cava Gran de Agres<\/strong>. <\/span><\/span><\/span><\/span><\/span><\/p>\n<p style=\"margin-left:0cm; margin-right:0cm; text-align:justify\"><span style=\"font-size:12pt\"><span style=\"font-family:LTAroma\"><span style=\"color:black\"><strong><span style=\"font-size:11.0pt\"><span style=\"font-family:&quot;Verdana&quot;,&quot;sans-serif&quot;\">New temporary exhibition <\/span><\/span><\/strong><\/span><\/span><\/span><\/p>\n<p style=\"margin-left:0cm; margin-right:0cm; text-align:justify\"><span style=\"font-size:12pt\"><span style=\"font-family:LTAroma\"><span style=\"color:black\"><span style=\"font-size:11.0pt\"><span style=\"font-family:&quot;Verdana&quot;,&quot;sans-serif&quot;\">&nbsp; &nbsp; &nbsp; &nbsp;During the event, the president of the Diputaci\u00f3n de Alicante announced that \"due to governmental reasons of international politics\" the inspection trip that was to be made by a delegation of the Provincial Council of Alicante has been postponed. <strong>Asian delegation of technicians to Alicante<\/strong> to examine, <em>in situ<\/em>The MARQ's facilities and learn first-hand about the province's cultural legacy. The <strong>postponement of the visit<\/strong>now scheduled for 2019, will mean that the exhibition on the <strong>Xi'an warriors<\/strong> arrived at the museum in the year <strong>2020<\/strong>.<\/span><\/span><\/span><\/span><\/span><\/p>\n<p style=\"margin-left:0cm; margin-right:0cm; text-align:justify\"><span style=\"font-size:12pt\"><span style=\"font-family:LTAroma\"><span style=\"color:black\"><span style=\"font-size:11.0pt\"><span style=\"font-family:&quot;Verdana&quot;,&quot;sans-serif&quot;\">&nbsp; &nbsp; &nbsp; &nbsp; &nbsp;For this reason, according to S\u00e1nchez, the MARQ has specified <strong>another major cultural initiative<\/strong> and is currently working on bringing to Alicante a <strong>exhibition from the National Museum of Iran<\/strong>. This<strong> <\/strong>new proposal envisages the arrival of <strong>nearly two hundred pieces<\/strong>, <strong>around 20 of which are made of gold<\/strong>The exhibition, with which our visitors can learn about the great cultural wealth of this country, from the first human presence in it, 300,000 years ago, to the present day. <\/span><\/span><\/span><\/span><\/span><\/p>\n<p style=\"margin-left:0cm; margin-right:0cm; text-align:justify\"><span style=\"font-size:12pt\"><span style=\"font-family:LTAroma\"><span style=\"color:black\"><strong><span style=\"font-size:11.0pt\"><span style=\"font-family:&quot;Verdana&quot;,&quot;sans-serif&quot;\">&nbsp; &nbsp; &nbsp; &nbsp;Assyrians<\/span><\/span><\/strong><span style=\"font-size:11.0pt\"><span style=\"font-family:&quot;Verdana&quot;,&quot;sans-serif&quot;\">, <strong>Persian<\/strong> -with Darius and the frieze of the archers of Persepolis (replica) - and, later on, the <strong>Islamic conquest<\/strong> are some of the contents that will be the focus of the exhibition which, after visiting Alicante, will travel from Bonn (Germany) and Assen (Holland) to Denmark, where it will conclude its tour before returning to the Netherlands. <strong>National Museum of Iran, Tehran<\/strong>. <\/span><\/span><\/span><\/span><\/span><\/p>","protected":false},"excerpt":{"rendered":"<p>Best Replica Watches &nbsp; &nbsp; &nbsp; &nbsp; &nbsp;Casi veinte a&ntilde;os despu&eacute;s de que el Museo<span class=\"excerpt-hellip\"> [\u2026]<\/span><\/p>\n","protected":false},"author":3,"featured_media":0,"comment_status":"open","ping_status":"open","sticky":false,"template":"","format":"standard","meta":{"kia_subtitle":"","footnotes":""},"categories":[],"tags":[],"class_list":["post-34161","post","type-post","status-publish","format-standard","hentry"],"meta_box":[],"_links":{"self":[{"href":"https:\/\/marqalicante-admin.qwair.com\/en\/wp-json\/wp\/v2\/posts\/34161","targetHints":{"allow":["GET"]}}],"collection":[{"href":"https:\/\/marqalicante-admin.qwair.com\/en\/wp-json\/wp\/v2\/posts"}],"about":[{"href":"https:\/\/marqalicante-admin.qwair.com\/en\/wp-json\/wp\/v2\/types\/post"}],"author":[{"embeddable":true,"href":"https:\/\/marqalicante-admin.qwair.com\/en\/wp-json\/wp\/v2\/users\/3"}],"replies":[{"embeddable":true,"href":"https:\/\/marqalicante-admin.qwair.com\/en\/wp-json\/wp\/v2\/comments?post=34161"}],"version-history":[{"count":0,"href":"https:\/\/marqalicante-admin.qwair.com\/en\/wp-json\/wp\/v2\/posts\/34161\/revisions"}],"wp:attachment":[{"href":"https:\/\/marqalicante-admin.qwair.com\/en\/wp-json\/wp\/v2\/media?parent=34161"}],"wp:term":[{"taxonomy":"category","embeddable":true,"href":"https:\/\/marqalicante-admin.qwair.com\/en\/wp-json\/wp\/v2\/categories?post=34161"},{"taxonomy":"post_tag","embeddable":true,"href":"https:\/\/marqalicante-admin.qwair.com\/en\/wp-json\/wp\/v2\/tags?post=34161"}],"curies":[{"name":"wp","href":"https:\/\/api.w.org\/{rel}","templated":true}]}}