{"id":34119,"date":"2018-05-17T09:37:48","date_gmt":"2018-05-17T09:37:48","guid":{"rendered":"https:\/\/marqalicante-admin.qwair.com\/2018\/05\/17\/el-marq-expone-por-primera-vez-el-capitel-gotico-de-la-pobla-medieval-de-ifach-en-calp-hallado-en-2016\/"},"modified":"2018-05-17T09:37:48","modified_gmt":"2018-05-17T09:37:48","slug":"el-marq-expone-por-primera-vez-el-capitel-gotico-de-la-pobla-medieval-de-ifach-en-calp-hallado-en-2016","status":"publish","type":"post","link":"https:\/\/marqalicante-admin.qwair.com\/en\/el-marq-expone-por-primera-vez-el-capitel-gotico-de-la-pobla-medieval-de-ifach-en-calp-hallado-en-2016\/","title":{"rendered":"The MARQ exhibits for the first time the Gothic capital of the Medieval Pobla de Ifach in Calp, found in 2016."},"content":{"rendered":"<p>&nbsp;<\/p>\n<p>&nbsp;<\/p>\n<p><img decoding=\"async\" alt=\"\" src=\"\/contenido\/genericas\/051618%20Exposicion%20marq%20los%20pilares%20del%20reino%202.jpg\" style=\"height:299px; width:448px\" \/>&nbsp;<\/p>\n<p>&nbsp;<\/p>\n<p><img decoding=\"async\" alt=\"\" src=\"\/contenido\/genericas\/Figura%200068.jpg\" style=\"height:362px; width:336px\" \/><\/p>\n<p style=\"margin-left:0cm; margin-right:0cm; text-align:justify\"><span style=\"font-size:12pt\"><span style=\"font-family:LTAroma\"><span style=\"color:black\"><strong><span style=\"font-size:11.0pt\"><span style=\"font-family:&quot;Verdana&quot;,&quot;sans-serif&quot;\">&nbsp; &nbsp; &nbsp;<\/span><\/span><\/strong><span style=\"font-size:11.0pt\"><span style=\"font-family:&quot;Verdana&quot;,&quot;sans-serif&quot;\">The <strong>MARQ<\/strong> this morning presented the new proposal for the exhibition space in the foyer, which already features the <strong>gothic capital of the Medieval Pobla de Ifach in Calp<\/strong>. It is one of the most important pieces of the <strong>extraordinary archaeological site<\/strong>found in <strong>2016 <\/strong>by the museum's research team.&nbsp;<\/span><\/span><\/span><\/span><\/span><\/p>\n<p style=\"margin-left:0cm; margin-right:0cm; text-align:justify\"><span style=\"font-size:12pt\"><span style=\"font-family:LTAroma\"><span style=\"color:black\"><span style=\"font-size:11.0pt\"><span style=\"font-family:&quot;Verdana&quot;,&quot;sans-serif&quot;\">&nbsp; &nbsp;The President of the Diputaci<\/span><\/span><span style=\"font-size:11.0pt\"><span style=\"font-family:&quot;Verdana&quot;,&quot;sans-serif&quot;\">\u00f3n de Alicante, <strong>C\u00e9sar S\u00e1nchez<\/strong>The Provincial Council of Alicante, committed to the valuation and dissemination of the cultural heritage of the people of Alicante and their history, has been promoting for some time the creation of this type of exhibition that offers the public a detailed view of emblematic archaeological pieces that are preserved in the MARQ's collections.<\/span><\/span><\/span><\/span><\/span><\/p>\n<p style=\"margin-left:0cm; margin-right:0cm; text-align:justify\"><span style=\"font-size:11pt\"><span style=\"font-family:Calibri,sans-serif\"><span style=\"color:black\"><span style=\"font-family:&quot;Verdana&quot;,&quot;sans-serif&quot;\">&nbsp; &nbsp;La Pobla de Ifach is a <\/span><strong><span style=\"font-family:&quot;Verdana&quot;,&quot;sans-serif&quot;\">solid and consolidated project<\/span><\/strong><span style=\"font-family:&quot;Verdana&quot;,&quot;sans-serif&quot;\"> of the Provincial Archaeological Museum of Alicante, whose research year after year yields important results that enrich our knowledge about the <strong>historical roots of the territory of Alicante<\/strong>. A town whose history is carved by the blow of <strong>stone carved at the end of the 13th century<\/strong> on the buildings and walls on the slopes of the Pe\u00f1\u00f3n de Ifach. <\/span><\/span><\/span><\/span><\/p>\n<p style=\"margin-left:0cm; margin-right:0cm; text-align:justify\"><span style=\"font-size:11pt\"><span style=\"font-family:Calibri,sans-serif\"><span style=\"color:black\"><span style=\"font-family:&quot;Verdana&quot;,&quot;sans-serif&quot;\">&nbsp; &nbsp;During the <strong>2016 excavation campaign<\/strong>MARQ's research team discovered a <strong>gothic capital with palms and central rosette<\/strong> which has become one of the key elements of the site. This type of element formed part of windows known as <em>finestres<\/em> <em>ab corves<\/em> which were located on the floors of buildings intended for the residence of the nobility or the local aristocracy. <\/span><\/span><\/span><\/span><\/p>\n<p style=\"margin-left:0cm; margin-right:0cm; text-align:justify\"><span style=\"font-size:11pt\"><span style=\"font-family:Calibri,sans-serif\"><span style=\"color:black\"><span style=\"font-family:&quot;Verdana&quot;,&quot;sans-serif&quot;\">The piece in question shows a <strong>maximum technical and artistic mastery. <\/strong>In Ifach these windows are found illuminating the first floor of a large building named <strong>Domus Ll\u00faria<\/strong>The building was located close to the access system to the interior of the medieval town, which had the <strong>dual function of serving as a domestic space<\/strong> and <strong>troop rest<\/strong> that defended the walls of the town, as well as of the <strong>residence of the members of the Casa de Ll\u00faria<\/strong> or administrators. Furthermore, these buildings were designed to defend the walled perimeter of the enclosure and for the inhabitants of Ifach to present their petitions and resolve their disputes before the authorities.<\/span><\/span><\/span><\/span><\/p>\n<p style=\"margin-left:0cm; margin-right:0cm; text-align:justify\"><span style=\"font-size:12pt\"><span style=\"font-family:LTAroma\"><span style=\"color:black\"><span style=\"font-size:11.0pt\"><span style=\"font-family:&quot;Verdana&quot;,&quot;sans-serif&quot;\">&nbsp; &nbsp; &nbsp;At the opening ceremony<\/span><\/span><span style=\"font-size:11.0pt\"><span style=\"font-family:&quot;Verdana&quot;,&quot;sans-serif&quot;\">The deputy for Culture also attended the meeting, <strong>C\u00e9sar Augusto Asencio<\/strong>the managing director of MARQ, <strong>Jos\u00e9 Alberto Cort\u00e9s<\/strong>the museum's technical director, <strong>Manuel Olcina<\/strong>and the Marq archaeologist, director of the excavations at the Pobla Medieval Pobla d'Ifach and curator of the exhibition, Dr. <strong>Jos\u00e9 Luis Men\u00e9ndez Fueyo<\/strong>.<\/span><\/span><\/span><\/span><\/span><\/p>","protected":false},"excerpt":{"rendered":"<p>&nbsp; &nbsp; &nbsp; &nbsp; &nbsp; &nbsp; &nbsp;El MARQ ha presentado esta ma&ntilde;ana la nueva propuesta<span class=\"excerpt-hellip\"> [\u2026]<\/span><\/p>\n","protected":false},"author":3,"featured_media":0,"comment_status":"open","ping_status":"open","sticky":false,"template":"","format":"standard","meta":{"kia_subtitle":"","footnotes":""},"categories":[],"tags":[],"class_list":["post-34119","post","type-post","status-publish","format-standard","hentry"],"meta_box":[],"_links":{"self":[{"href":"https:\/\/marqalicante-admin.qwair.com\/en\/wp-json\/wp\/v2\/posts\/34119","targetHints":{"allow":["GET"]}}],"collection":[{"href":"https:\/\/marqalicante-admin.qwair.com\/en\/wp-json\/wp\/v2\/posts"}],"about":[{"href":"https:\/\/marqalicante-admin.qwair.com\/en\/wp-json\/wp\/v2\/types\/post"}],"author":[{"embeddable":true,"href":"https:\/\/marqalicante-admin.qwair.com\/en\/wp-json\/wp\/v2\/users\/3"}],"replies":[{"embeddable":true,"href":"https:\/\/marqalicante-admin.qwair.com\/en\/wp-json\/wp\/v2\/comments?post=34119"}],"version-history":[{"count":0,"href":"https:\/\/marqalicante-admin.qwair.com\/en\/wp-json\/wp\/v2\/posts\/34119\/revisions"}],"wp:attachment":[{"href":"https:\/\/marqalicante-admin.qwair.com\/en\/wp-json\/wp\/v2\/media?parent=34119"}],"wp:term":[{"taxonomy":"category","embeddable":true,"href":"https:\/\/marqalicante-admin.qwair.com\/en\/wp-json\/wp\/v2\/categories?post=34119"},{"taxonomy":"post_tag","embeddable":true,"href":"https:\/\/marqalicante-admin.qwair.com\/en\/wp-json\/wp\/v2\/tags?post=34119"}],"curies":[{"name":"wp","href":"https:\/\/api.w.org\/{rel}","templated":true}]}}