{"id":33920,"date":"2017-04-21T00:00:00","date_gmt":"2017-04-21T00:00:00","guid":{"rendered":"https:\/\/marqalicante-admin.qwair.com\/2017\/04\/21\/una-illeta-de-teatro\/"},"modified":"2017-04-21T00:00:00","modified_gmt":"2017-04-21T00:00:00","slug":"una-illeta-de-teatro","status":"publish","type":"post","link":"https:\/\/marqalicante-admin.qwair.com\/en\/una-illeta-de-teatro\/","title":{"rendered":"An Illeta Theatre"},"content":{"rendered":"<p>&nbsp;<\/p>\n<p>&nbsp;<\/p>\n<p>&nbsp;<\/p>\n<p><img decoding=\"async\" alt=\"\" src=\"\/contenido\/genericas\/ILLETA(15).JPG\" style=\"height:299px; width:448px\" \/><\/p>\n<p style=\"text-align:justify\">The CV- Marq Foundation and the Campello Town Council are once again committed to quality cultural tourism at the archaeological site of La Illeta, located in the municipality of El Campello. Owned by the Diputaci\u00f3n de Alicante, La Illeta is one of the most important archaeological parks in the Mediterranean and thanks to the collaboration agreement signed between the president of the Diputaci\u00f3n and the C.V.-Marq Foundation, C\u00e9sar S\u00e1nchez and the mayor of El Campello, Benjam\u00ed Soler, there is now a new attraction: the possibility of learning about its history, the history of El Campello and the Costa Blanca through dramatised visits.<\/p>\n<p style=\"text-align:justify\">These dramatised tours, under the motto <em>\"La Illeta, a sea of history\". &nbsp;<\/em>have been scheduled on Saturday afternoons during the summer season and will last approximately 40 minutes. Visitors interested in this activity can consult the timetable and book their tickets in advance at Instanticket or at marqalicante-classic-admin.qwair.com.<\/p>\n<p style=\"text-align:justify\">With this new fun and educational activity, the Marq reinforces its work to disseminate and promote Alicante's cultural heritage.<\/p>\n<p style=\"text-align:justify\"><a href=\"https:\/\/www.jimmychoooutletsale.com\" target=\"_blank\" rel=\"noopener\">jimmy choo outlet<\/a><\/p>","protected":false},"excerpt":{"rendered":"<p>&nbsp; &nbsp; &nbsp; La Fundaci&oacute;n CV- Marq y el Ayuntamiento de Campello &nbsp;apuestan una vez<span class=\"excerpt-hellip\"> [\u2026]<\/span><\/p>\n","protected":false},"author":3,"featured_media":0,"comment_status":"open","ping_status":"open","sticky":false,"template":"","format":"standard","meta":{"kia_subtitle":"","footnotes":""},"categories":[],"tags":[],"class_list":["post-33920","post","type-post","status-publish","format-standard","hentry"],"meta_box":[],"_links":{"self":[{"href":"https:\/\/marqalicante-admin.qwair.com\/en\/wp-json\/wp\/v2\/posts\/33920","targetHints":{"allow":["GET"]}}],"collection":[{"href":"https:\/\/marqalicante-admin.qwair.com\/en\/wp-json\/wp\/v2\/posts"}],"about":[{"href":"https:\/\/marqalicante-admin.qwair.com\/en\/wp-json\/wp\/v2\/types\/post"}],"author":[{"embeddable":true,"href":"https:\/\/marqalicante-admin.qwair.com\/en\/wp-json\/wp\/v2\/users\/3"}],"replies":[{"embeddable":true,"href":"https:\/\/marqalicante-admin.qwair.com\/en\/wp-json\/wp\/v2\/comments?post=33920"}],"version-history":[{"count":0,"href":"https:\/\/marqalicante-admin.qwair.com\/en\/wp-json\/wp\/v2\/posts\/33920\/revisions"}],"wp:attachment":[{"href":"https:\/\/marqalicante-admin.qwair.com\/en\/wp-json\/wp\/v2\/media?parent=33920"}],"wp:term":[{"taxonomy":"category","embeddable":true,"href":"https:\/\/marqalicante-admin.qwair.com\/en\/wp-json\/wp\/v2\/categories?post=33920"},{"taxonomy":"post_tag","embeddable":true,"href":"https:\/\/marqalicante-admin.qwair.com\/en\/wp-json\/wp\/v2\/tags?post=33920"}],"curies":[{"name":"wp","href":"https:\/\/api.w.org\/{rel}","templated":true}]}}