{"id":33820,"date":"2016-09-12T00:00:00","date_gmt":"2016-09-12T00:00:00","guid":{"rendered":"https:\/\/marqalicante-admin.qwair.com\/2016\/09\/12\/xixona-inaugura-la-exposicion-del-marq-guardianes-de-piedra\/"},"modified":"2016-09-12T00:00:00","modified_gmt":"2016-09-12T00:00:00","slug":"xixona-inaugura-la-exposicion-del-marq-guardianes-de-piedra","status":"publish","type":"post","link":"https:\/\/marqalicante-admin.qwair.com\/en\/xixona-inaugura-la-exposicion-del-marq-guardianes-de-piedra\/","title":{"rendered":"XIXONA OPENS THE MARQ EXHIBITION \"GUARDIANS OF STONE\"."},"content":{"rendered":"<p>The municipal exhibition hall \"El Teatret\" of Xixona, hosted on Friday 9 September <strong>the inauguration of MARQ's travelling exhibition, Guardians of Stone, Castles of Alicante,<\/strong> dedicated to the buildings and fortifications that served as a defence for the province of Alicante.<\/p>\n<p>The mayoress of Xixona, Isabel L\u00f3pez and the deputy of Culture C\u00e9sar Augusto Asencio presented the exhibition together with the technical director of the MARQ, Manuel Olcina and the managing director Josep Albert Cort\u00e9s. Also in attendance were the representative of the Banco Sabadell Foundation, Jos\u00e9 Andr\u00e9s Maro\u00f1as, and the curator of the exhibition, the Museum's archaeologist Jos\u00e9 Luis Men\u00e9ndez.<\/p>\n<p>The travelling exhibition comes from Villana and will be in the town of Xixonenca until 30 October and aims to disseminate and bring to the public the <strong>history, remains, characteristics<\/strong> and, in short, everything that encompasses the <strong>rich heritage<\/strong> that make up the province's castles, <strong>across 84 of the 250 registered fortifications<\/strong>.<\/p>\n<p>The exhibition is structured as follows <strong>five routes<\/strong> which roughly coincide with the delimitations of the <strong>large counties<\/strong> of the province: the <strong>Vega Baja<\/strong>the <strong>Vinalop\u00f3 Valley<\/strong>, <strong>L'Alacant\u00ed<\/strong>, <strong>L'Alcoi\u00e0-El Comtat <\/strong>and <strong>Las Marinas de Alicante<\/strong>.<\/p>\n<p>&nbsp;The display boxes, which are easily transportable for touring, offer <strong>shocking images<\/strong> and all the necessary information on <strong>historical context or relevant people<\/strong> linked to each territory. The set is complemented by the audiovisual <strong>Almiserat<\/strong>a production made by the department of <strong>Image and Promotion<\/strong> of the Area of Good Governance of the Diputaci\u00f3n de Alicante with spectacular aerial views of the castles.<\/p>\n<p><strong><u>The five castle routes<\/u><\/strong><\/p>\n<p>The first route focuses on the territory of the Vega Baja and makes reference to the <strong>Tudmir Castles<\/strong> which groups together the large fortifications of the region, headed by the <strong>Orihuela Castle<\/strong>. The <strong>Inner Border Castles<\/strong> is the second proposal that covers the Vinalop\u00f3 Valley, one of the great frontiers that divided our territory in medieval times and that has left us an extraordinary legacy formed by some of the most spectacular fortifications in the province, such as the fortifications at <strong>Villena<\/strong>, <strong>Sax<\/strong> o <strong>Biar<\/strong>.<\/p>\n<p>In the third route, in the area of L'Alacant\u00ed, we can see the <strong>Clau del Regne Castles<\/strong>With the city of Alicante as a strategic centre as early as the 14th century, they were intended not only to defend the urban enclaves, but also the properties in the huerta.<\/p>\n<p>&nbsp;The fourth route corresponds to the <strong>Mountain Castles<\/strong> with simple constructions in crenellated enclaves or defence towers, such as <strong>Almudaina<\/strong> or the <strong>Tower of Les Ma\u00e7anes<\/strong>. Finally, 'Guardians of stone' shows the <strong>Castles on the Frontier of Fear<\/strong>Itinerary covering the fortifications of the northern coast of the province, so called because of its <strong>special orography<\/strong> and <strong>besieged by corsairs<\/strong>The city was built in front of which a real imperfect wall was constructed, full of towers, amenaras and urban ramparts.<\/p>\n<p>&nbsp;<\/p>\n<p>In this link you can see a \"time lap\" of the assembly.<\/p>\n<p><a data-saferedirecturl=\"https:\/\/www.google.com\/url?hl=es&amp;q=https:\/\/youtu.be\/cZJSKX3fJoU&amp;source=gmail&amp;ust=1473746649090000&amp;usg=AFQjCNHvWBCWFuYYR6pcE-rH_DGdQq6SeQ\" href=\"https:\/\/youtu.be\/cZJSKX3fJoU\" style=\"font-size: 16px; color: rgb(17, 85, 204); background-color: rgb(255, 255, 255);\" target=\"_blank\" rel=\"noopener\">https:\/\/youtu.be\/cZJSKX3fJoU<\/a><\/p>","protected":false},"excerpt":{"rendered":"<p>La Sala de Exposiciones municipal &ldquo;El Teatret&rdquo; de Xixona, acogi&oacute; el viernes 9 de septiembre<span class=\"excerpt-hellip\"> [\u2026]<\/span><\/p>\n","protected":false},"author":3,"featured_media":0,"comment_status":"open","ping_status":"open","sticky":false,"template":"","format":"standard","meta":{"kia_subtitle":"","footnotes":""},"categories":[],"tags":[],"class_list":["post-33820","post","type-post","status-publish","format-standard","hentry"],"meta_box":[],"_links":{"self":[{"href":"https:\/\/marqalicante-admin.qwair.com\/en\/wp-json\/wp\/v2\/posts\/33820","targetHints":{"allow":["GET"]}}],"collection":[{"href":"https:\/\/marqalicante-admin.qwair.com\/en\/wp-json\/wp\/v2\/posts"}],"about":[{"href":"https:\/\/marqalicante-admin.qwair.com\/en\/wp-json\/wp\/v2\/types\/post"}],"author":[{"embeddable":true,"href":"https:\/\/marqalicante-admin.qwair.com\/en\/wp-json\/wp\/v2\/users\/3"}],"replies":[{"embeddable":true,"href":"https:\/\/marqalicante-admin.qwair.com\/en\/wp-json\/wp\/v2\/comments?post=33820"}],"version-history":[{"count":0,"href":"https:\/\/marqalicante-admin.qwair.com\/en\/wp-json\/wp\/v2\/posts\/33820\/revisions"}],"wp:attachment":[{"href":"https:\/\/marqalicante-admin.qwair.com\/en\/wp-json\/wp\/v2\/media?parent=33820"}],"wp:term":[{"taxonomy":"category","embeddable":true,"href":"https:\/\/marqalicante-admin.qwair.com\/en\/wp-json\/wp\/v2\/categories?post=33820"},{"taxonomy":"post_tag","embeddable":true,"href":"https:\/\/marqalicante-admin.qwair.com\/en\/wp-json\/wp\/v2\/tags?post=33820"}],"curies":[{"name":"wp","href":"https:\/\/api.w.org\/{rel}","templated":true}]}}