{"id":33812,"date":"2016-07-28T00:00:00","date_gmt":"2016-07-28T00:00:00","guid":{"rendered":"https:\/\/marqalicante-admin.qwair.com\/2016\/07\/28\/cesar-sanchez-destaca-la-importancia-y-el-valor-cultural-y-turistico-de-la-pobla-medieval-difac\/"},"modified":"2016-07-28T00:00:00","modified_gmt":"2016-07-28T00:00:00","slug":"cesar-sanchez-destaca-la-importancia-y-el-valor-cultural-y-turistico-de-la-pobla-medieval-difac","status":"publish","type":"post","link":"https:\/\/marqalicante-admin.qwair.com\/en\/cesar-sanchez-destaca-la-importancia-y-el-valor-cultural-y-turistico-de-la-pobla-medieval-difac\/","title":{"rendered":"C\u00e9sar Sanchez highlights the importance and cultural and touristic value of the Pobla Medieval d'Ifac"},"content":{"rendered":"<p style='text-align: center;'><img alt='' src='\/contenido\/genericas\/072816 visita pobla ifach 2(1).jpg' style='width: 413px; height: 230px;' \/><\/p>\n<p style='text-align: center;'>&nbsp;<\/p>\n<p>&nbsp;<\/p>\n<p style='text-align: justify;'>&nbsp; &nbsp; &nbsp; &nbsp; The President of the Diputaci\u00f3n de Alicante, <strong>C\u00e9sar S\u00e1nchez<\/strong>This morning, he travelled to the <strong>site of the<\/strong> <strong>Pobla Medieval Pobla Medieval d'Ifac<\/strong>&nbsp;to get a first-hand look at the course of the summer excavation campaign that the <strong>MARQ<\/strong> is being carried out at this important archaeological site.<\/p>\n<p style='text-align: justify;'>&nbsp; &nbsp;The head of the Provincial Government and mayor of Calp, who has toured the different areas of the site accompanied by the director of the campaign and archaeologist of the museum in Alicante, <strong>Jos\u00e9 Luis Men\u00e9ndez<\/strong>He underlined the importance of this type of projects \".<u>that allow us to highlight and disseminate the rich heritage and history of our municipalities.<\/u>\". \"<u>It is a question of working to avoid losing everything that forms part of the history of our ancestors and that allows us to offer our visitors a first class cultural and tourist offer.<\/u>\"he said.<\/p>\n<p style='text-align: justify;'>&nbsp; &nbsp; A total of <strong>32 student volunteers<\/strong> from different Spanish universities are taking part in this work, which this year is mainly focused on the <strong>preventive consolidation of localised findings<\/strong>. In particular, in a <strong>North wall canvas<\/strong> and in the <strong>Guard Tower<\/strong>Both sectors are located in the vicinity of the Puerta de Ifach, where the area is being reinforced to prevent future landslides.<\/p>\n<p style='text-align: justify;'>&nbsp; &nbsp;\"<u>Thanks to this work, five medieval coins from the 13th century, specifically from the reign of James II, have been recovered.<\/u>\"Men\u00e9ndez explained during the visit, which was also attended by the technical director and the director-manager of MARQ, <strong>Manuel Olcina <\/strong>and<strong>Jos\u00e9 Albert Cort\u00e9s<\/strong>respectively, as well as different members of the municipal corporation of Calp.<\/p>\n<p style='text-align: justify;'>&nbsp; &nbsp; Another of this year's objectives is to try to <strong>finish uncovering the covered access corridor to the <em>village<\/em><\/strong> which is located between the first two entrance gates and which, foreseeably, will provide vital information for the study of the internal organisation of this urban enclave built from the year 1298 onwards by <strong>Roger de Ll\u00faria<\/strong>Lord of Ifach and Calabrian admiral in the service of the Crown of Aragon.<\/p>\n<p style='text-align: justify;'>&nbsp; &nbsp; &nbsp;\"<u>This year's campaign is focused on carrying out major repairs to the wall, which is the area that was in the worst condition. In this sense, we are working to consolidate the Torre de Guardia and also a fragment of the wall.<\/u>\"Men\u00e9ndez explained.<\/p>\n<p style='text-align: justify;'>&nbsp;&nbsp;&nbsp;&nbsp;&nbsp;&nbsp;&nbsp;&nbsp; The work also includes the <strong>extension of the necropolis area<\/strong>a space discovered in 2008 and located in front of the fa\u00e7ade of the <strong>Church of Our Lady of the Angels<\/strong>. This building, one of the most emblematic of the site, was constructed between 1320 and 1340 by <strong>Do\u00f1a Margarita<\/strong>Countess of Terranova and daughter of Admiral Roger de Ll\u00faria. The work will focus mainly on the completion of the excavations of the funerary area, where so far the following have been located <strong>55 graves<\/strong> with more than <strong>85 documented burials<\/strong>.<\/p>\n<p style='text-align: justify;'>&nbsp; &nbsp; &nbsp; In this enclave stands out one that could be <strong>that of a gentleman<\/strong> and another possibly belonging to <strong>a cleric or ecclesiastical position<\/strong>He holds a grail or liturgical cup in his hands. Also of particular interest is a tomb in which the following was found <strong>a pregnant woman with her foetus<\/strong> and another collective one with <strong>more than 16 burials<\/strong>.<\/p>","protected":false},"excerpt":{"rendered":"<p>&nbsp; &nbsp; &nbsp; &nbsp; &nbsp; &nbsp; El presidente de la Diputaci&oacute;n de Alicante, C&eacute;sar S&aacute;nchez,<span class=\"excerpt-hellip\"> [\u2026]<\/span><\/p>\n","protected":false},"author":3,"featured_media":0,"comment_status":"open","ping_status":"open","sticky":false,"template":"","format":"standard","meta":{"kia_subtitle":"","footnotes":""},"categories":[],"tags":[],"class_list":["post-33812","post","type-post","status-publish","format-standard","hentry"],"meta_box":[],"_links":{"self":[{"href":"https:\/\/marqalicante-admin.qwair.com\/en\/wp-json\/wp\/v2\/posts\/33812","targetHints":{"allow":["GET"]}}],"collection":[{"href":"https:\/\/marqalicante-admin.qwair.com\/en\/wp-json\/wp\/v2\/posts"}],"about":[{"href":"https:\/\/marqalicante-admin.qwair.com\/en\/wp-json\/wp\/v2\/types\/post"}],"author":[{"embeddable":true,"href":"https:\/\/marqalicante-admin.qwair.com\/en\/wp-json\/wp\/v2\/users\/3"}],"replies":[{"embeddable":true,"href":"https:\/\/marqalicante-admin.qwair.com\/en\/wp-json\/wp\/v2\/comments?post=33812"}],"version-history":[{"count":0,"href":"https:\/\/marqalicante-admin.qwair.com\/en\/wp-json\/wp\/v2\/posts\/33812\/revisions"}],"wp:attachment":[{"href":"https:\/\/marqalicante-admin.qwair.com\/en\/wp-json\/wp\/v2\/media?parent=33812"}],"wp:term":[{"taxonomy":"category","embeddable":true,"href":"https:\/\/marqalicante-admin.qwair.com\/en\/wp-json\/wp\/v2\/categories?post=33812"},{"taxonomy":"post_tag","embeddable":true,"href":"https:\/\/marqalicante-admin.qwair.com\/en\/wp-json\/wp\/v2\/tags?post=33812"}],"curies":[{"name":"wp","href":"https:\/\/api.w.org\/{rel}","templated":true}]}}