{"id":33768,"date":"2016-03-23T00:00:00","date_gmt":"2016-03-23T00:00:00","guid":{"rendered":"https:\/\/marqalicante-admin.qwair.com\/2016\/03\/23\/presentacion-del-catalago-de-cocentaina-arqueologia-y-museos\/"},"modified":"2016-03-23T00:00:00","modified_gmt":"2016-03-23T00:00:00","slug":"presentacion-del-catalago-de-cocentaina-arqueologia-y-museos","status":"publish","type":"post","link":"https:\/\/marqalicante-admin.qwair.com\/en\/presentacion-del-catalago-de-cocentaina-arqueologia-y-museos\/","title":{"rendered":"Presentation of the Cocentaina Archaeology and Museums Catalogue"},"content":{"rendered":"<p>&nbsp;&nbsp;<\/p>\n<p>&nbsp;<\/p>\n<p><img alt='' src='\/contenido\/genericas\/CONCENTAINA(1).JPG' style='width: 250px; height: 256px;' \/><\/p>\n<p>&nbsp;<\/p>\n<p style='text-align: justify;'>&nbsp; &nbsp; &nbsp;The President of the Diputaci\u00f3n de Alicante, C\u00e9sar S\u00e1nchez, and on his behalf, the Diputado del Cultura C\u00e9sar Augusto Asencio, and the Mayor of Cocentaina, Mireia Estepa, are pleased to invite you to the presentation of the catalogue <strong><u>COCENTAINA. Archaeology and Museums,<\/u><\/strong>a<strong><u>&nbsp;<\/u><\/strong>by the curators of the exhibition Pere Ferrer Marset, Centre d&#039;Estudis Contestans and Elisa Dom\u00e9nech Faus, Museu Municipal de Cocentaina, which will take place on Wednesday 30 March at 19:00h. in the Assembly Hall of the MARQ.<\/p>","protected":false},"excerpt":{"rendered":"<p>&nbsp;&nbsp; &nbsp; &nbsp; &nbsp; &nbsp; &nbsp;El presidente de la Diputaci&oacute;n de Alicante, C&eacute;sar S&aacute;nchez, y<span class=\"excerpt-hellip\"> [\u2026]<\/span><\/p>\n","protected":false},"author":3,"featured_media":0,"comment_status":"open","ping_status":"open","sticky":false,"template":"","format":"standard","meta":{"kia_subtitle":"","footnotes":""},"categories":[],"tags":[],"class_list":["post-33768","post","type-post","status-publish","format-standard","hentry"],"meta_box":[],"_links":{"self":[{"href":"https:\/\/marqalicante-admin.qwair.com\/en\/wp-json\/wp\/v2\/posts\/33768","targetHints":{"allow":["GET"]}}],"collection":[{"href":"https:\/\/marqalicante-admin.qwair.com\/en\/wp-json\/wp\/v2\/posts"}],"about":[{"href":"https:\/\/marqalicante-admin.qwair.com\/en\/wp-json\/wp\/v2\/types\/post"}],"author":[{"embeddable":true,"href":"https:\/\/marqalicante-admin.qwair.com\/en\/wp-json\/wp\/v2\/users\/3"}],"replies":[{"embeddable":true,"href":"https:\/\/marqalicante-admin.qwair.com\/en\/wp-json\/wp\/v2\/comments?post=33768"}],"version-history":[{"count":0,"href":"https:\/\/marqalicante-admin.qwair.com\/en\/wp-json\/wp\/v2\/posts\/33768\/revisions"}],"wp:attachment":[{"href":"https:\/\/marqalicante-admin.qwair.com\/en\/wp-json\/wp\/v2\/media?parent=33768"}],"wp:term":[{"taxonomy":"category","embeddable":true,"href":"https:\/\/marqalicante-admin.qwair.com\/en\/wp-json\/wp\/v2\/categories?post=33768"},{"taxonomy":"post_tag","embeddable":true,"href":"https:\/\/marqalicante-admin.qwair.com\/en\/wp-json\/wp\/v2\/tags?post=33768"}],"curies":[{"name":"wp","href":"https:\/\/api.w.org\/{rel}","templated":true}]}}