{"id":33746,"date":"2016-01-20T00:00:00","date_gmt":"2016-01-20T00:00:00","guid":{"rendered":"https:\/\/marqalicante-admin.qwair.com\/2016\/01\/20\/acuerdo-de-la-junta-de-gobierno-de-la-fundacion-cv-marq-por-la-que-se-nombra-director-gerente-a-d-josep-albert-cortes-i-garrido-con-efectos-del-dia-catorce-de-enero-de-2016\/"},"modified":"2016-01-20T00:00:00","modified_gmt":"2016-01-20T00:00:00","slug":"acuerdo-de-la-junta-de-gobierno-de-la-fundacion-cv-marq-por-la-que-se-nombra-director-gerente-a-d-josep-albert-cortes-i-garrido-con-efectos-del-dia-catorce-de-enero-de-2016","status":"publish","type":"post","link":"https:\/\/marqalicante-admin.qwair.com\/en\/acuerdo-de-la-junta-de-gobierno-de-la-fundacion-cv-marq-por-la-que-se-nombra-director-gerente-a-d-josep-albert-cortes-i-garrido-con-efectos-del-dia-catorce-de-enero-de-2016\/","title":{"rendered":"Agreement of the Governing Board of the Fundaci\u00f3n CV MARQ appointing Mr. Josep Albert Cort\u00e9s i Garrido as Managing Director, with effect from 14 January 2016."},"content":{"rendered":"<div style='text-align: center;'>&nbsp;<\/div>\n<div style='text-align: center;'>&nbsp;<\/div>\n<div style='text-align: center;'>\n<p align='center'><strong><u>FUNDACION DE LA COMUNITAT VALENCIANA MARQ<\/u><\/strong><\/p>\n<p align='center'><strong>POST OF MANAGING DIRECTOR OF THE FOUNDATION C.V. MARQ<\/strong><\/p>\n<p align='center'>&nbsp;<\/p>\n<p align='center'>&nbsp;<\/p>\n<p align='center'>&nbsp;<\/p>\n<p style='text-align: justify;'><em>The Board of Trustees of the Fundaci\u00f3n de la C.V. MARQ, on the thirteenth of January two thousand and sixteen, approved the matter which is transcribed below:<\/em><\/p>\n<p>&nbsp;<\/p>\n<p>&nbsp;<\/p>\n<p style='text-align: justify;'><strong>\"1st Report on the selection process of the Director-Manager: cessation and appointment. Approval.<\/strong><\/p>\n<p style='text-align: justify;'>&nbsp;<\/p>\n<p style='text-align: justify;'>The Board of Trustees of the Foundation, at a meeting held on 5 November 2015, agreed to approve the terms and conditions for the recruitment of the post of Managing Director of the Foundation; to appoint the members of the Technical Assessment Committee provided for in the terms and conditions; to delegate to the Executive Committee of the Foundation the appointment of the Managing Director once the selection process has concluded; to call the selective tests for the filling of the post of Managing Director and to empower the President of the Foundation to sign the employment contract with the successful candidate.<\/p>\n<p style='text-align: justify;'>&nbsp;<\/p>\n<p style='text-align: justify;'>At this point, the Board of Trustees understands that the delegation made in favour of the Executive Committee, on 5 November, should be revoked and the powers conferred on it by the Statutes should be exercised directly. Therefore, the present matter is dealt with by this Board of Trustees.<\/p>\n<p style='text-align: justify;'>&nbsp;<\/p>\n<p style='text-align: justify;'>The following is a report of the main actions in relation to the selection process.<\/p>\n<p style='text-align: justify;'>&nbsp;<\/p>\n<p style='text-align: justify;'>In compliance with the aforementioned rules, on 6 November the Chairman of the Board of Trustees signed the announcement, which was published on the Foundation's website on 10 November 2015. The deadline for the presentation of applications ended on 25 November, and the President of the Board of Trustees admitted the applications of Mr. Francisco de Paula Sirvent Belando and Mr. Josep Albert Cortes i Garrido; and excluded the applications of Mr. Francisco Jos\u00e9 Flores Platillero and Ms. Marcela Gloria Fern\u00e1ndez Losada, as they did not meet the requirements. The announcement of the list of those admitted and excluded was published on the Foundation's website on 3 December 2015, and Mr. Francisco Jos\u00e9 Flores Platillero presented allegations, which were rejected, confirming the provisional list of those admitted and excluded, as well as the publication of the composition of the Technical Assessment Committee by <em>Agreement of 17 December 2015, by the President of the Board of Trustees of the C.V. MARQ Foundation.<\/em>.<\/p>\n<p style='text-align: justify;'>&nbsp;<\/p>\n<p style='text-align: justify;'>The requirements and merits of the candidates admitted were submitted to the Technical Assessment Committee, which issued a report on 30 December 2015, and were presented to the Presidency of the Board of Trustees on the same day, in a sealed envelope, which is opened in this act.<\/p>\n<p style='text-align: justify;'>&nbsp;<\/p>\n<p style='text-align: justify;'>In accordance with the provisions of the fifth paragraph of the sixth base of the call for applications, it is hereby stated that:<\/p>\n<p style='text-align: justify;'>&nbsp;<\/p>\n<p style='text-align: justify;'><strong>a)&nbsp;&nbsp;&nbsp;&nbsp;&nbsp; <\/strong>The candidates were excluded because they did not accredit the requirement established in clause three, section g), i.e. they did not accredit the performance of the Direction and\/or Management of institutions and\/or Foundations that manage museums for a minimum period of two years.<\/p>\n<p style='margin-left: 18pt; text-align: justify;'>&nbsp;<\/p>\n<p style='text-align: justify;'><strong>b)&nbsp;&nbsp;&nbsp;&nbsp;&nbsp; <\/strong>The complaint submitted by Mr. Francisco Jos\u00e9 Flores Platillero was rejected on the grounds that, in his opinion, it <em>curriculum vitae<\/em>In the documentation provided, there is no express indication of the wish to assert this requirement, nor is there any evidence that any document or certificate accrediting compliance with this requirement had been requested from any natural or legal person.<\/p>\n<p style='margin-left: 35.4pt; text-align: justify;'>&nbsp;<\/p>\n<p style='text-align: justify;'>On 28 December 2015, Mr. Flores Platillero submitted a new pleading. Thus, with regard to the allegations in the same, it is necessary to indicate that:<\/p>\n<p style='text-align: justify;'>&nbsp;<\/p>\n<p style='margin-left: 54pt; text-align: justify;'><strong>1.&nbsp;&nbsp;&nbsp;&nbsp;&nbsp; <\/strong>The composition of the Technical Evaluation Commission was established in the provisions of the same agreement approving the rules, the certificate of which shall be attached to the notification of this <em>Agreement<\/em>.<\/p>\n<p style='margin-left: 36pt; text-align: justify;'>&nbsp;<\/p>\n<p style='margin-left: 54pt; text-align: justify;'><strong>2.&nbsp;&nbsp;&nbsp;&nbsp;&nbsp; <\/strong>The Technical Assessment Committee has only examined the applications of the candidates admitted by the Presidency of the Board of Trustees, by virtue of the Agreement of 17 December 2015, a fact of which the interested party is aware, as he states in his letter. On the other hand, the Commission cannot and should not examine other applications.<\/p>\n<p style='text-align: justify;'>&nbsp;<\/p>\n<p style='margin-left: 54pt; text-align: justify;'><strong>3.&nbsp;&nbsp;&nbsp;&nbsp;&nbsp; <\/strong>The call for applications distinguishes between requirements and merits. The legal consequence of the existence or non-existence of the requirements demanded in the conditions is the admission or exclusion of the candidates in the selection process. In such a way that the concurrence of these requirements has, as a first legal consequence, its evaluation by the Technical Evaluation Commission and, as a second, in the case of being the best evaluated, the report for the appointment to the post. Therefore, if one of the requirements is not met, the only consequence is exclusion.<\/p>\n<p style='text-align: justify;'>&nbsp;<\/p>\n<p style='margin-left: 54pt; text-align: justify;'><strong>4.&nbsp;&nbsp;&nbsp;&nbsp;&nbsp; <\/strong>None of the documents requested by Mr. Flores Platillero would accredit having held the position of Director and\/or Manager of institutions and\/or Foundations that manage museums for a minimum period of two years. More specifically, the drafting of reports does not coincide with the performance of a job. Therefore, the selection procedure should not be suspended. This is without prejudice to the provision of the documents requested, the issuing of which would in no way alter the content of the <em>Agreement of 17 December 2015, by the President of the Board of Trustees of the C.V. MARQ Foundation.<\/em><\/p>\n<p style='margin-left: 54pt; text-align: justify;'>&nbsp;<\/p>\n<p style='margin-left: 54pt; text-align: justify;'><strong>5.&nbsp;&nbsp;&nbsp;&nbsp;&nbsp; <\/strong>It is the right of every citizen to file a complaint with the Sindic de Greuges.<\/p>\n<p style='text-align: justify;'>&nbsp;<\/p>\n<p style='text-align: justify;'>On the other hand, Mr Francisco Jos\u00e9 Flores Platillero refers in his allegations to the fact that the requirement he fails to meet is not appropriate as such for the selection process and that it is determining the selection of a candidate. The first plea in law is unfounded, since a minimum amount of experience in similar posts is necessary for the performance of the post in a prestigious organisation such as the Fundaci\u00f3n C.V. MARQ, which does not necessarily have to have been carried out in the Fundaci\u00f3n itself. The second plea is also unfounded, since the result of its application has not led to the selection of a single candidate.<\/p>\n<p style='text-align: justify;'>&nbsp;<\/p>\n<p style='text-align: justify;'><strong>c)&nbsp;&nbsp;&nbsp;&nbsp;&nbsp; <\/strong>The report of the Technical Assessment Committee, which is in a sealed envelope, is reproduced below and is opened immediately by the Chairman, and its contents are reproduced verbally by the Secretary.<\/p>\n<p style='text-align: justify;'>&nbsp;<\/p>\n<p style='margin-left: 36pt; text-align: justify;'><strong><em><u>POST OF MANAGING DIRECTOR OF THE FOUNDATION C.V. MARQ<\/u><\/em><\/strong><\/p>\n<p style='margin-left: 36pt; text-align: justify;'>&nbsp;<\/p>\n<p style='margin-left: 36pt; text-align: justify;'><strong>REPORT<\/strong> issued by the members of the Technical Assessment Committee, in accordance with the sixth base of the C.V. MARQ FOUNDATION'S CALL FOR THE POST OF MANAGING DIRECTOR, approved by Agreement of the Board of Trustees on the fifth of November two thousand and fifteen.<\/p>\n<p style='margin-left: 36pt; text-align: justify;'>&nbsp;<\/p>\n<p style='margin-left: 53.4pt; text-align: justify;'><strong>1.&nbsp;&nbsp;&nbsp;&nbsp;&nbsp;&nbsp; <\/strong>&nbsp;The evaluation, in accordance with the provisions of the first paragraph of the sixth base, has been carried out in accordance with the principles of merit and ability, and the criteria of suitability and suitability to the professional profile of the candidate, in relation to the job to be performed.<\/p>\n<p style='margin-left: 53.4pt; text-align: justify;'>&nbsp;<\/p>\n<p style='margin-left: 53.4pt; text-align: justify;'><strong>2.&nbsp;&nbsp;&nbsp;&nbsp;&nbsp;&nbsp; <\/strong>The third paragraph of the base establishes the list of requirements and merits that may be assessed. In this sense, the report first assesses the requirements and then evaluates the merits that are related to the object of the call for applications:<\/p>\n<p style='margin-left: 53.4pt; text-align: justify;'>&nbsp;<\/p>\n<p style='margin-left: 81.75pt; text-align: justify;'><strong>A)&nbsp;&nbsp;&nbsp;&nbsp; <\/strong><u>Qualification required: \"Degree. University degrees\".<\/u><\/p>\n<p style='margin-left: 117.75pt; text-align: justify;'>- The candidate Mr. Cort\u00e9s Garrido is a graduate in law.<\/p>\n<p style='margin-left: 117.75pt; text-align: justify;'>- Mr. Sirvent Belando is a graduate in Economics and Business Studies and in Actuarial and Financial Sciences.<\/p>\n<p style='margin-left: 99.75pt; text-align: justify;'>&nbsp;<\/p>\n<p style='margin-left: 81.75pt; text-align: justify;'><strong>B)&nbsp;&nbsp;&nbsp;&nbsp;&nbsp; <\/strong><u>Condition to be fulfilled: \"Holding positions of responsibility in the public administration\".<\/u><\/p>\n<p style='margin-left: 81.75pt; text-align: justify;'>&nbsp;<\/p>\n<p style='margin-left: 81.75pt; text-align: justify;'>The holding of posts for which it is necessary to be an elected official is not counted, a circumstance which applies to the candidate Mr. Cort\u00e9s Garrido, who was appointed \"Deputy Delegate for Architecture and Conservation\", as well as \"Deputy Delegate for the Doctor Esquerdo Welfare Centre\", of the Alicante Provincial Council.<\/p>\n<p style='margin-left: 81.75pt; text-align: justify;'>&nbsp;<\/p>\n<p style='margin-left: 99.75pt; text-align: justify;'><strong>a)&nbsp;&nbsp;&nbsp;&nbsp;&nbsp; <\/strong><u>Temporary official<\/u><\/p>\n<p style='margin-left: 135.75pt; text-align: justify;'>- The candidate Mr. Cort\u00e9s Garrido accredits the performance of the \"Gerencia de Obras P\u00fablicas, Gesti\u00f3n del Agua y Arquitectura\" at the Diputaci\u00f3n de Alicante during <em><u>14 months.<\/u><\/em><\/p>\n<p style='margin-left: 135.75pt; text-align: justify;'>- The candidate Mr. Cort\u00e9s Garrido accredits that he is an official supporting the Presidency of the Diputaci\u00f3n. <em><u>8 months and 3 days and 6 months and 16 days.<\/u><\/em><\/p>\n<p style='margin-left: 135.75pt; text-align: justify;'>- The candidate Mr. Sirvent Belando accredits the performance of the position of Director of the Presidency Area of the Diputaci\u00f3n de Alicante during a period of <em><u>48 months.<\/u><\/em><\/p>\n<p style='margin-left: 117.75pt; text-align: justify;'>&nbsp;<\/p>\n<p style='margin-left: 99.75pt; text-align: justify;'><strong>b)&nbsp;&nbsp;&nbsp;&nbsp;&nbsp; <\/strong><u>Interim civil servant<\/u><\/p>\n<p style='margin-left: 135.75pt; text-align: justify;'>- The candidate Mr. Cort\u00e9s Garrido accredits the performance of the function of Judicial Officer and Bailiff in the District Court of Cocentaina (1987-1989).<\/p>\n<p style='margin-left: 135.75pt; text-align: justify;'>- Candidate Mr. Cort\u00e9s Garrido accredits the performance of the function of Secretary-Intervener of the Grouping of Municipalities of the Gorga and Millena Town Councils (1989\/1999).<\/p>\n<p style='margin-left: 135.75pt; text-align: justify;'>- The candidate Mr. Sirvent Belando does not accredit any merit in this section.<\/p>\n<p style='margin-left: 117.75pt; text-align: justify;'>&nbsp;<\/p>\n<p style='margin-left: 99.75pt; text-align: justify;'><strong>c)&nbsp;&nbsp;&nbsp;&nbsp;&nbsp;&nbsp; <\/strong><u>Teaching experience.<\/u><\/p>\n<p style='margin-left: 117.75pt; text-align: justify;'>- The candidate Mr. Sirvent Belando accredits having been Associate Professor at the Faculty of Economics of the University of Alicante (1989\/1997) (2008\/2013). <em><u>12 courses.<\/u><\/em><\/p>\n<p style='margin-left: 117.75pt; text-align: justify;'>- The candidate Mr. Cort\u00e9s Garrido does not accredit any merit in this section.<\/p>\n<p style='margin-left: 99.75pt; text-align: justify;'>&nbsp;<\/p>\n<p style='margin-left: 81.75pt; text-align: justify;'><strong>C)&nbsp;&nbsp;&nbsp;&nbsp;&nbsp; <\/strong><u>Condition to be fulfilled: \"H<\/u><u>Have held the position of Director and\/or Manager of Institutions and\/or Foundations that manage museums\".<\/u><\/p>\n<p style='margin-left: 70.8pt; text-align: justify;'>&nbsp;<\/p>\n<p style='margin-left: 99.75pt; text-align: justify;'><strong>a)&nbsp;&nbsp;&nbsp;&nbsp;&nbsp; <\/strong><u>Condition to be fulfilled: 'Experience in the field covered by the call'.<\/u><\/p>\n<p style='margin-left: 135.75pt; text-align: justify;'>- The candidate Mr. Cort\u00e9s Garrido accredits the performance of the post of Manager of the Fundaci\u00f3n C.V. MARQ during <em><u>70 months and 3 days.<\/u><\/em><\/p>\n<p style='margin-left: 135.75pt; text-align: justify;'>- The candidate Mr. Cort\u00e9s Garrido certifies that he has held the post of Manager of Architecture and Museums of the Diputaci\u00f3n de Alicante during the period of his appointment. <em><u>19 months.<\/u><\/em><\/p>\n<p style='margin-left: 135.75pt; text-align: justify;'>- The candidate Mr. Sirvent Belando accredits the performance of the post of Manager of the Fundaci\u00f3n C.V. MARQ during <em><u>35 months and 23 days<\/u><\/em> (up to the date of submission of your application).<\/p>\n<p style='margin-left: 117.75pt; text-align: justify;'>&nbsp;<\/p>\n<p style='margin-left: 99.75pt; text-align: justify;'><strong>b)&nbsp;&nbsp;&nbsp;&nbsp;&nbsp; <\/strong><u>Merit: \"E<\/u><u>xperience related to duties similar to those of the post\",<\/u><\/p>\n<p style='margin-left: 135.75pt; text-align: justify;'>- The candidate Mr. Cort\u00e9s Garrido certifies that he has held the post of Manager of the Instituto Alicantino de Cultura Juan Gil-Albert, Organismo Aut\u00f3nomo de la Diputaci\u00f3n de Alicante (Alicante Provincial Council Autonomous Body) during <em><u>24 months and 28 days.<\/u><\/em><\/p>\n<p style='margin-left: 135.75pt; text-align: justify;'>- The candidate Mr. Sirvent Belando does not accredit any merit in this section.<\/p>\n<p style='margin-left: 117.75pt; text-align: justify;'>&nbsp;<\/p>\n<p style='margin-left: 99.75pt; text-align: justify;'><strong>c)&nbsp;&nbsp;&nbsp;&nbsp;&nbsp;&nbsp; <\/strong><u>Studies and courses.<\/u><\/p>\n<p style='margin-left: 135.75pt; text-align: justify;'>- The candidate Mr. Cort\u00e9s Garrido accredits having given or written conferences, communications and papers related to Museums and Historical-Archaeological Heritage.<\/p>\n<p style='margin-left: 135.75pt; text-align: justify;'>- The candidate Mr. Sirvent Belando does not accredit any merit in this section.<\/p>\n<p style='margin-left: 117.75pt; text-align: justify;'>&nbsp;<\/p>\n<p style='margin-left: 81.75pt; text-align: justify;'><strong>D)&nbsp;&nbsp;&nbsp;&nbsp; <\/strong><u>Other <\/u><u>merits<\/u><u>.<\/u><\/p>\n<p style='margin-left: 135.75pt; text-align: justify;'>- The candidate Mr. Cort\u00e9s Garrido has represented the Diputaci\u00f3n de Alicante by delegation of the Presidency in the Fundaci\u00f3n Universitaria de Investigaci\u00f3n La Alcudia, in the Fundaci\u00f3n Valenciana de Estudios Avanzados and in the Fundaci\u00f3n General Universitaria de la Universidad de Alicante.<\/p>\n<p style='margin-left: 135.75pt; text-align: justify;'>- The candidate Mr. Sirvent Belando accredits having been a founding trustee of the Fundaci\u00f3n C.V. MARQ.<\/p>\n<p style='margin-left: 135.75pt; text-align: justify;'>- The candidate Mr. Sirvent Belando accredits having been a member of the Mixed Commission of the Framework Agreement for cultural collaboration with the University of Alicante.<\/p>\n<p style='margin-left: 117.75pt; text-align: justify;'>&nbsp;<\/p>\n<p style='margin-left: 53.4pt; text-align: justify;'><strong>3.&nbsp;&nbsp;&nbsp;&nbsp;&nbsp;&nbsp; <\/strong>This Technical Assessment Committee does not consider it necessary to hold a personal interview, an option provided for in point six of the Bases of the Call for Applications.<\/p>\n<p style='margin-left: 18pt; text-align: justify;'>&nbsp;<\/p>\n<p style='margin-left: 36pt; text-align: justify;'><u>CONCLUSION<\/u><\/p>\n<p style='margin-left: 36pt; text-align: justify;'>&nbsp;<\/p>\n<p style='margin-left: 36pt; text-align: justify;'>In the opinion of this Technical Assessment Committee, the requirements and merits that should be given most weight are those that are considered to be of special value in the Bases of the Call for Applications, that is to say, those that demonstrate experience in the job to be performed (section C of this Report).<\/p>\n<p style='margin-left: 36pt; text-align: justify;'>&nbsp;<\/p>\n<p style='margin-left: 36pt; text-align: justify;'>In relation to the above and from the study of the curricula provided, it is noted:<\/p>\n<p style='margin-left: 36pt; text-align: justify;'>&nbsp;<\/p>\n<p style='margin-left: 70.8pt; text-align: justify;'>- that Mr Cort\u00e9s Garrido's experience in the performance of the post which is the subject of this call for applications is superior.<\/p>\n<p style='margin-left: 70.8pt; text-align: justify;'>- that Mr Cort\u00e9s Garrido's experience in similar positions is superior.<\/p>\n<p style='margin-left: 70.8pt; text-align: justify;'>- that Mr. Cort\u00e9s Garrido's experience in the management of foundations and in holding positions of responsibility in the public administration is superior.<\/p>\n<p style='margin-left: 36pt; text-align: justify;'>&nbsp;<\/p>\n<p style='margin-left: 36pt; text-align: justify;'>Report to be submitted to the Executive Committee of the Fundaci\u00f3n C.V. MARQ in accordance with the fourth paragraph of the sixth base of the above-mentioned call. Alicante, 30 December 2015.<\/p>\n<p style='text-align: justify;'>&nbsp;<\/p>\n<p style='text-align: justify;'>After reading the Evaluation Report, which is not binding, the Chairman submits the election of the candidate proposed therein to the consideration of the Board of Trustees, with the result of sixteen votes in favour and the abstention of Mr. Rafael Azuar Ruiz. Therefore, the Board of Trustees endorses the Evaluation Report, and Mr. Josep Albert Cort\u00e9s i Garrido is appointed to the post.<\/p>\n<p style='text-align: justify;'>&nbsp;<\/p>\n<p style='text-align: justify;'>In view of the above, the Board of Trustees, by a majority of sixteen votes in favour and the abstention of Mr. Rafael Azuar, agrees:<\/p>\n<p style='text-align: justify;'>&nbsp;<\/p>\n<p style='text-align: justify;'><strong><u>First<\/u><\/strong>To revoke the delegation conferred on the Executive Committee for the appointment of the Managing Director, which is made by the Board of Trustees itself.<\/p>\n<p style='text-align: justify;'>&nbsp;<\/p>\n<p style='text-align: justify;'><strong><u>Second<\/u><\/strong>To approve and ratify, as necessary in law, all acts that have been carried out in the selection process.<\/p>\n<p style='text-align: justify;'>&nbsp;<\/p>\n<p style='text-align: justify;'><strong><u>Third<\/u><\/strong>To dismiss Francisco de Paula Sirvent Belando as Director-Manager, with effect from 13 January 2016.<\/p>\n<p style='text-align: justify;'>&nbsp;<\/p>\n<p style='text-align: justify;'><strong><u>Fourth<\/u><\/strong>To appoint Mr Josep Albert Cort\u00e9s i Garrido as Managing Director, with effect from 14 January 2016.<\/p>\n<p style='text-align: justify;'>&nbsp;<\/p>\n<p style='text-align: justify;'><strong><u>Fifth<\/u><\/strong>To formally communicate this agreement to the President so that, in accordance with the delegation made by the Board of Trustees, he may grant the corresponding employment contract, which will have the same conditions as those governing the relationship between the Foundation and the current Managing Director, with the economic updates that the General State Budget Law establishes for the public sector.<\/p>\n<p style='text-align: justify;'>&nbsp;<\/p>\n<p style='text-align: justify;'><strong><u>Sixth<\/u><\/strong>In accordance with the Sixth Base of the Bases that have governed the selection process for the post of Managing Director, this agreement will be published on the Notice Board and on the Foundation's website.<\/p>\n<p style='text-align: justify;'>&nbsp;<\/p>\n<p style='text-align: justify;'><strong><u>Seventh<\/u><\/strong>At the express request of the Chairman, which is extended to all the members of the Board of Trustees, it is hereby agreed to convey to Mr. Sirvent Belando our gratitude for his work as Managing Director of the Foundation from 2 December 2012 to the present day\".<\/p>\n<p style='text-align: justify;'>&nbsp;<\/p>\n<p style='text-align: justify;'>This is hereby made public for general knowledge, with the indication that, in accordance with the regulatory bases of the selection process, this Agreement may be challenged before the Social Jurisdiction.<\/p>\n<p>&nbsp;<\/p>\n<p>The President of the Fundaci\u00f3n C.V. MARQ The Secretary of the Board of Trustees<\/p>\n<p>Surname: C\u00e9sar S\u00e1nchez P\u00e9rez.                                        Surname: Ana Isabel Cort\u00e9s Estela &nbsp; &nbsp; &nbsp;<\/p>\n<\/div>\n<div style='text-align: center;'>&nbsp;<\/div>\n<div style='text-align: center;'>&nbsp;<\/div>\n<div style='text-align: center;'><img alt='' src='\/contenido\/genericas\/LOGOS MARQ 1con 94.jpg' style='width: 600px; height: 309px;' \/><\/div>","protected":false},"excerpt":{"rendered":"<p>&nbsp; &nbsp; FUNDACION DE LA COMUNITAT VALENCIANA MARQ PROVISION DEL PUESTO DE DIRECTOR GERENTE DE<span class=\"excerpt-hellip\"> [\u2026]<\/span><\/p>\n","protected":false},"author":3,"featured_media":0,"comment_status":"open","ping_status":"open","sticky":false,"template":"","format":"standard","meta":{"kia_subtitle":"","footnotes":""},"categories":[],"tags":[],"class_list":["post-33746","post","type-post","status-publish","format-standard","hentry"],"meta_box":[],"_links":{"self":[{"href":"https:\/\/marqalicante-admin.qwair.com\/en\/wp-json\/wp\/v2\/posts\/33746","targetHints":{"allow":["GET"]}}],"collection":[{"href":"https:\/\/marqalicante-admin.qwair.com\/en\/wp-json\/wp\/v2\/posts"}],"about":[{"href":"https:\/\/marqalicante-admin.qwair.com\/en\/wp-json\/wp\/v2\/types\/post"}],"author":[{"embeddable":true,"href":"https:\/\/marqalicante-admin.qwair.com\/en\/wp-json\/wp\/v2\/users\/3"}],"replies":[{"embeddable":true,"href":"https:\/\/marqalicante-admin.qwair.com\/en\/wp-json\/wp\/v2\/comments?post=33746"}],"version-history":[{"count":0,"href":"https:\/\/marqalicante-admin.qwair.com\/en\/wp-json\/wp\/v2\/posts\/33746\/revisions"}],"wp:attachment":[{"href":"https:\/\/marqalicante-admin.qwair.com\/en\/wp-json\/wp\/v2\/media?parent=33746"}],"wp:term":[{"taxonomy":"category","embeddable":true,"href":"https:\/\/marqalicante-admin.qwair.com\/en\/wp-json\/wp\/v2\/categories?post=33746"},{"taxonomy":"post_tag","embeddable":true,"href":"https:\/\/marqalicante-admin.qwair.com\/en\/wp-json\/wp\/v2\/tags?post=33746"}],"curies":[{"name":"wp","href":"https:\/\/api.w.org\/{rel}","templated":true}]}}