{"id":33711,"date":"2015-07-13T00:00:00","date_gmt":"2015-07-13T00:00:00","guid":{"rendered":"https:\/\/marqalicante-admin.qwair.com\/2015\/07\/13\/la-x-campana-de-excavaciones-en-la-pobla-de-ifach-se-centrara-en-consolidar-los-hallazgos-de-anos-anteriores\/"},"modified":"2015-07-13T00:00:00","modified_gmt":"2015-07-13T00:00:00","slug":"la-x-campana-de-excavaciones-en-la-pobla-de-ifach-se-centrara-en-consolidar-los-hallazgos-de-anos-anteriores","status":"publish","type":"post","link":"https:\/\/marqalicante-admin.qwair.com\/en\/la-x-campana-de-excavaciones-en-la-pobla-de-ifach-se-centrara-en-consolidar-los-hallazgos-de-anos-anteriores\/","title":{"rendered":"The 10th excavation campaign in Pobla de Ifach will focus on consolidating the findings of previous years."},"content":{"rendered":"<p style='text-align: center;'>&nbsp; &nbsp;<img alt='' src='\/contenido\/genericas\/070915 visita escavaciones ifach(1).jpg' style='width: 400px; height: 267px;' \/>&nbsp;<\/p>\n<p style='text-align: justify;'>&nbsp;<\/p>\n<p style='text-align: justify;'>&nbsp; &nbsp; &nbsp; &nbsp;The Diputaci\u00f3n de Alicante, through the MARQ, is promoting the tenth campaign of archaeological excavations in the <strong>Medieval town of Ifach<\/strong> in which more than <strong>40 students<\/strong> of Archaeology from 15&nbsp;<strong>universities<\/strong> <strong>Spanish and European<\/strong>with the collaboration of the Calp Town Hall.<\/p>\n<p style='text-align: justify;'>&nbsp;&nbsp;&nbsp;&nbsp;&nbsp;&nbsp;&nbsp;&nbsp; The Deputy for Culture, <strong>Juan Bautista Rosell\u00f3<\/strong>together with the Calpina councillors for Culture, Education and Youth, <strong>M\u00aa Pilar Cabrera<\/strong>and Environment and Strategic Projects, <strong>Ana Maria Sala<\/strong>the director of MARQ, <strong>Manuel Olcina<\/strong>and the archaeologist <strong>Jos\u00e9 Luis Men\u00e9ndez<\/strong>The excavations were presented at the start of this summer's campaign by the excavators, who are in charge of the excavations.<\/p>\n<p style='text-align: justify;'>&nbsp;&nbsp;&nbsp;&nbsp;&nbsp;&nbsp;&nbsp;&nbsp; Rosell\u00f3 pointed out that <u>This year we are going to move on to a second very important phase, which is consolidation, to protect all the elements that have been found. This year we will begin this proposal in an area of the wall that is in the worst state of conservation, a line that we will continue to follow in the coming years.<\/u>.<\/p>\n<p style='text-align: justify;'>&nbsp;&nbsp;&nbsp;&nbsp;&nbsp;&nbsp;&nbsp;&nbsp; For her part, M\u00aa Pilar Cabrera pointed out that <u>there are actions planned to bring the archaeological work being carried out at the site closer to the public and make it accessible to them, specifically some visits for children, as well as disseminating all the information generated on the rock with conferences after the summer excavation campaign. <\/u><\/p>\n<p style='text-align: justify;'>&nbsp;&nbsp;&nbsp;&nbsp;&nbsp;&nbsp;&nbsp;&nbsp; The campaign, which began on 1 July, will continue for a further two years. <strong>until 31 August next<\/strong> and aims to continue the discovery of the access system to the <em>village<\/em>located in the West Sector of the site and partially uncovered in previous editions. In addition, this year's efforts will also be focused on completing the uncovering of a large building, identified as a Guard Corps, which was discovered in the last campaign, as well as the access corridor.<\/p>\n<p style='text-align: justify;'>&nbsp; &nbsp; &nbsp; &nbsp; &nbsp; Likewise, in order to conserve the remains uncovered in recent years, the Diputaci\u00f3n de Alicante has programmed an action to consolidate some of the structures of the walled enclosure that were in serious deterioration. The work will focus on a <strong>six-metre-long section of the north wall<\/strong>located near the Puerta de Ifach, where a volumetric reintegration will be carried out to avoid future collapses and to reinforce this area.<\/p>\n<p style='text-align: justify;'>&nbsp; &nbsp; &nbsp; The second objective will be to continue with the <strong>extension of the necropolis area<\/strong>This is a space located on the fa\u00e7ade of the Church of Nuestra Se\u00f1ora de los \u00c1ngeles, built between 1320-1340, one of the site's emblematic buildings, discovered in 2008. The work in the necropolis will be aimed at completing the excavations in the funerary area, which to date has offered <strong>48 graves with more than 75 documented inhumations<\/strong>.<\/p>\n<p style='text-align: justify;'>&nbsp;&nbsp;&nbsp;&nbsp;&nbsp;&nbsp;&nbsp;&nbsp; Finally, Jos\u00e9 Luis Men\u00e9ndez pointed out that <u>it was essential, after ten years, to begin a project to enhance the value of the entire structure and the entire excavated and uncovered area, but first we had to address priorities, such as a fragment of the wall that was in poor condition and which is one of the best preserved we have in the walled enclosure, so this year we proposed an emergency action.<\/u>.&nbsp;<\/p>\n<div id='cke_pastebin' style='text-align: justify;'>&nbsp;<\/div>","protected":false},"excerpt":{"rendered":"<p>&nbsp; &nbsp;&nbsp; &nbsp; &nbsp; &nbsp; &nbsp; &nbsp;La Diputaci&oacute;n de Alicante, a trav&eacute;s del MARQ, impulsa<span class=\"excerpt-hellip\"> [\u2026]<\/span><\/p>\n","protected":false},"author":3,"featured_media":0,"comment_status":"open","ping_status":"open","sticky":false,"template":"","format":"standard","meta":{"kia_subtitle":"","footnotes":""},"categories":[],"tags":[],"class_list":["post-33711","post","type-post","status-publish","format-standard","hentry"],"meta_box":[],"_links":{"self":[{"href":"https:\/\/marqalicante-admin.qwair.com\/en\/wp-json\/wp\/v2\/posts\/33711","targetHints":{"allow":["GET"]}}],"collection":[{"href":"https:\/\/marqalicante-admin.qwair.com\/en\/wp-json\/wp\/v2\/posts"}],"about":[{"href":"https:\/\/marqalicante-admin.qwair.com\/en\/wp-json\/wp\/v2\/types\/post"}],"author":[{"embeddable":true,"href":"https:\/\/marqalicante-admin.qwair.com\/en\/wp-json\/wp\/v2\/users\/3"}],"replies":[{"embeddable":true,"href":"https:\/\/marqalicante-admin.qwair.com\/en\/wp-json\/wp\/v2\/comments?post=33711"}],"version-history":[{"count":0,"href":"https:\/\/marqalicante-admin.qwair.com\/en\/wp-json\/wp\/v2\/posts\/33711\/revisions"}],"wp:attachment":[{"href":"https:\/\/marqalicante-admin.qwair.com\/en\/wp-json\/wp\/v2\/media?parent=33711"}],"wp:term":[{"taxonomy":"category","embeddable":true,"href":"https:\/\/marqalicante-admin.qwair.com\/en\/wp-json\/wp\/v2\/categories?post=33711"},{"taxonomy":"post_tag","embeddable":true,"href":"https:\/\/marqalicante-admin.qwair.com\/en\/wp-json\/wp\/v2\/tags?post=33711"}],"curies":[{"name":"wp","href":"https:\/\/api.w.org\/{rel}","templated":true}]}}