{"id":33579,"date":"2013-08-21T00:00:00","date_gmt":"2013-08-21T00:00:00","guid":{"rendered":"https:\/\/marqalicante-admin.qwair.com\/2013\/08\/21\/la-diputacion-de-alicante-cede-medio-centenar-de-piezas-de-la-pobla-de-ifach-al-nuevo-museu-dhistoria-de-calp\/"},"modified":"2013-08-21T00:00:00","modified_gmt":"2013-08-21T00:00:00","slug":"la-diputacion-de-alicante-cede-medio-centenar-de-piezas-de-la-pobla-de-ifach-al-nuevo-museu-dhistoria-de-calp","status":"publish","type":"post","link":"https:\/\/marqalicante-admin.qwair.com\/en\/la-diputacion-de-alicante-cede-medio-centenar-de-piezas-de-la-pobla-de-ifach-al-nuevo-museu-dhistoria-de-calp\/","title":{"rendered":"The Diputaci\u00f3n de Alicante gives fifty pieces of the Pobla de Ifach to the new Museu d'Hist\u00f2ria de Calp"},"content":{"rendered":"<p style='text-align: center;'><font face='Verdana'><img alt='' src='\/contenido\/genericas\/082113 visita excavaciones y museo calpe.jpg' style='width: 400px; height: 267px;' \/><\/font><\/p>\n<p>&nbsp;<\/p>\n<p style='text-align: justify;'><span style='font-size: 14px;'><font face='Verdana'>The<span> <\/span>President of the Diputaci\u00f3n de Alicante, <b>Luisa Pastor, <\/b>travelled this morning to the municipality of <b>Calpe<\/b> to visit the <b>ninth excavation campaign<\/b> which takes place in the <b>Medieval town of Ifach<\/b> until the next <b>31 August <\/b>and to subsequently inaugurate the new<b> History Museum <\/b>of the municipality that hosts <b>half a hundred pieces<\/b> found in the Penyal and <b>on loan from the MARQ for temporary exhibition<\/b>. <\/font><\/span><\/p>\n<div style='margin: 0cm 0cm 0pt; text-align: justify;'><span style='font-family: &quot;verdana&quot;, &quot;sans-serif&quot;; font-size: 11pt;'><font face='Times New Roman' size='3'>&nbsp;<\/font>Pastor, accompanied by the local mayor, <b>C\u00e9sar S\u00e1nchez,<\/b> and by the deputy for Culture, <b>Juan Bautista Rosell\u00f3<\/b>firstly toured the natural enclave where this year's explorations are taking place. <b>40 students<\/b> of archaeology from <b>15 Spanish and European universities. <\/b><\/span><\/div>\n<div style='margin: 0cm 0cm 0pt; text-align: justify;'>&nbsp;<\/div>\n<div style='margin: 0cm 0cm 0pt; text-align: justify;'><span style='font-family: &quot;verdana&quot;, &quot;sans-serif&quot;; font-size: 11pt;'>The aim of the work is to<b> to deepen the discovery of the access system to Penyal<\/b>located in the western sector of the site, as well as <b>extending the area of the necropolis<\/b>located on the fa\u00e7ade of the Church of Nuestra Se\u00f1ora de los \u00c1ngeles. <\/span><\/div>\n<div style='margin: 0cm 0cm 0pt; text-align: justify;'>&nbsp;<\/div>\n<div style='margin: 0cm 0cm 0pt; text-align: justify;'><span style='font-family: &quot;verdana&quot;, &quot;sans-serif&quot;; font-size: 11pt;'>The campaign, in which the City Council and the Penyal d'Ifac Natural Park -depending on the Regional Ministry of Infrastructures, Territory and Environment- are collaborating and which is directed by the MARQ archaeologist <b>Jos\u00e9 Luis Men\u00e9ndez<\/b>to date, has yielded the discovery of <b>three large rooms<\/b> of some <b>35 square metres<\/b> each with recovered material consisting of metals and a large amount of ceramics, as well as <b>two stone arches<\/b>All these elements will provide information for the study of the internal organisation of the area. <\/span><\/div>\n<div style='margin: 0cm 0cm 0pt; text-align: justify;'>&nbsp;<\/div>\n<div style='margin: 0cm 0cm 0pt; text-align: justify;'><span style='font-family: &quot;verdana&quot;, &quot;sans-serif&quot;; font-size: 11pt;'>On the other hand, the work carried out in the area of the necropolis has been directed to <b>expanding and locating more graves in the burial space<\/b>. The following have been delimited <b>16 new burials<\/b> which bring the number of discoveries to a total of 40 niches, including that of a knight, the first double burial in a primary position and that of a cleric or ecclesiastical position, among others. <\/span><\/div>\n<div style='margin: 0cm 0cm 0pt; text-align: justify;'>&nbsp;<\/div>\n<div style='margin: 0cm 0cm 0pt; text-align: justify;'><span style='font-family: &quot;verdana&quot;, &quot;sans-serif&quot;; font-size: 11pt;'>Luisa Pastor pointed out that <u>the valuable information that has been generated by this medieval archaeological site allows us to consider the possibility of creating an Interpretation Centre that would show the main remains found in the area, while offering information about the site and its history.<\/u>. <\/span><\/div>\n<div style='margin: 0cm 0cm 0pt; text-align: justify;'>&nbsp;<\/div>\n<div style='margin: 0cm 0cm 0pt; text-align: justify;'><span style='font-family: &quot;verdana&quot;, &quot;sans-serif&quot;; font-size: 11pt;'>Both the President and the Mayor of the town have advanced that this proposal, which would be materialised through a collaboration agreement between the Diputaci\u00f3n de Alicante, the Fundaci\u00f3n de la Comunitat Valenciana MARQ, Calpe Town Council and the Conselleria de Infraestructuras, Territorio y Medio Ambiente, will make it possible to <b>to put in value<\/b> e <b>to promote this cultural infrastructure for tourism<\/b> that <b>more than 130,000 visitors each year<\/b>. <\/span><\/div>\n<div style='margin: 0cm 0cm 0pt; text-align: justify;'>&nbsp;<\/div>\n<div style='margin: 0cm 0cm 0pt; text-align: justify;'><span style='font-family: &quot;verdana&quot;, &quot;sans-serif&quot;; font-size: 11pt;'>For his part, the director of the excavations has emphasised the <b>success of this year's campaign<\/b> and has highlighted, especially the findings of the tombs which, to date, all correspond to men except for the first one found, which is of a woman, as well as the discovery of the two stone arcades. <\/span><\/div>\n<div style='margin: 0cm 0cm 0pt; text-align: justify;'>&nbsp;<\/div>\n<div style='margin: 0cm 0cm 0pt; text-align: justify;'><span style='font-family: &quot;verdana&quot;, &quot;sans-serif&quot;; font-size: 11pt;'>Men\u00e9ndez has indicated that <u>This summer we have found materials of such high quality as we have not been able to find to date and this has allowed us to learn more about the history and customs of the community that lived in this nucleus. <\/u><\/span><\/div>\n<div style='margin: 0cm 0cm 0pt; text-align: justify; text-indent: 35.4pt;'>&nbsp;<\/div>\n<div style='margin: 0cm 0cm 0pt; text-align: justify;'><b><u><span style='font-family: &quot;verdana&quot;, &quot;sans-serif&quot;; font-size: 11pt;'>Calp History Museum<\/span><\/u><\/b><\/div>\n<div style='margin: 0cm 0cm 0pt; text-align: justify;'>&nbsp;<\/div>\n<div style='margin: 0cm 0cm 0pt; text-align: justify;'><span style='font-family: &quot;verdana&quot;, &quot;sans-serif&quot;; font-size: 11pt;'>After the visit to the enclave, the president of the Diputaci\u00f3n de Alicante inaugurated the new Museu d'Hist\u00f2ria de Calp,<b> <\/b>now located in the<b> Casa de la Senyoreta, <\/b>for which the MARQ has <b>on temporary loan<\/b> <b>around fifty archaeological artefacts<\/b> from the excavations carried out in the Medieval town of Ifach. <\/span><\/div>\n<div style='margin: 0cm 0cm 0pt; text-align: justify;'>&nbsp;<\/div>\n<div style='margin: 0cm 0cm 0pt; text-align: justify;'><span style='font-family: &quot;verdana&quot;, &quot;sans-serif&quot;; font-size: 11pt;'>The temporary and renewable agreement with the municipality of Calpe includes the supervision by the Museo Provincial de la <b>conservation and exhibition quality of the objects<\/b>including a <b>buckle with the image of a Basilisk<\/b>the <b>Islamic amulet of Ifach<\/b> found in the necropolis or a <b>brass buttons<\/b>. <\/span><\/div>\n<div style='margin: 0cm 0cm 0pt; text-align: justify;'>&nbsp;<\/div>\n<div style='margin: 0cm 0cm 0pt; text-align: justify;'><span style='font-family: &quot;verdana&quot;, &quot;sans-serif&quot;; font-size: 11pt;'>Pastor commented that <u>The Provincial Archaeological Museum contributes, with this cession, to complete the exhibition discourse of this history centre of Calp, since the Pobla de Ifach is one of the most important archaeological landmarks of the area, together with the Roman enclave of the Ba\u00f1os de la Reina. The joint exhibition of both sites will allow visitors to get a complete understanding of the history of the town and its inhabitants.<\/u>.<\/span><\/div>\n<div style='margin: 0cm 0cm 0pt; text-align: justify; text-indent: 35.4pt;'>&nbsp;<\/div>\n<div style='margin: 0cm 0cm 0pt; text-align: justify;'><span style='font-family: &quot;verdana&quot;, &quot;sans-serif&quot;; font-size: 11pt;'>For his part, C\u00e9sar S\u00e1nchez has stated that <u>this museum recovers the origins of our land, our history and our tradition.<\/u> He also pointed out that eight out of ten jobs in Calp depend on tourism. <u>All initiatives related to attracting more tourists are welcome.<\/u>said the mayor, who finally pointed out that <u>with this new proposal, the historic centre of the municipality and this museum will become a tourist reference point. <\/u><\/span><\/div>\n<div style='margin: 0cm 0cm 0pt; text-align: justify;'>&nbsp;<\/div>\n<div style='margin: 0cm 0cm 0pt; text-align: justify;'><span style='font-family: &quot;verdana&quot;, &quot;sans-serif&quot;; font-size: 11pt;'>The set of materials, consisting of <b>ceramics, objects for personal use and some archaeological items<\/b> from the church of Nuestra Se\u00f1ora de los \u00c1ngeles in Ifach, has been found and recovered by the <b>MARQ technicians<\/b>who <b>Since 2005, they have been carrying out an important research project<\/b> in the area.<\/span><\/div>","protected":false},"excerpt":{"rendered":"<p>&nbsp; La presidenta de la Diputaci&oacute;n de Alicante, Luisa Pastor, se ha desplazado esta ma&ntilde;ana<span class=\"excerpt-hellip\"> [\u2026]<\/span><\/p>\n","protected":false},"author":3,"featured_media":0,"comment_status":"open","ping_status":"open","sticky":false,"template":"","format":"standard","meta":{"kia_subtitle":"","footnotes":""},"categories":[],"tags":[],"class_list":["post-33579","post","type-post","status-publish","format-standard","hentry"],"meta_box":[],"_links":{"self":[{"href":"https:\/\/marqalicante-admin.qwair.com\/en\/wp-json\/wp\/v2\/posts\/33579","targetHints":{"allow":["GET"]}}],"collection":[{"href":"https:\/\/marqalicante-admin.qwair.com\/en\/wp-json\/wp\/v2\/posts"}],"about":[{"href":"https:\/\/marqalicante-admin.qwair.com\/en\/wp-json\/wp\/v2\/types\/post"}],"author":[{"embeddable":true,"href":"https:\/\/marqalicante-admin.qwair.com\/en\/wp-json\/wp\/v2\/users\/3"}],"replies":[{"embeddable":true,"href":"https:\/\/marqalicante-admin.qwair.com\/en\/wp-json\/wp\/v2\/comments?post=33579"}],"version-history":[{"count":0,"href":"https:\/\/marqalicante-admin.qwair.com\/en\/wp-json\/wp\/v2\/posts\/33579\/revisions"}],"wp:attachment":[{"href":"https:\/\/marqalicante-admin.qwair.com\/en\/wp-json\/wp\/v2\/media?parent=33579"}],"wp:term":[{"taxonomy":"category","embeddable":true,"href":"https:\/\/marqalicante-admin.qwair.com\/en\/wp-json\/wp\/v2\/categories?post=33579"},{"taxonomy":"post_tag","embeddable":true,"href":"https:\/\/marqalicante-admin.qwair.com\/en\/wp-json\/wp\/v2\/tags?post=33579"}],"curies":[{"name":"wp","href":"https:\/\/api.w.org\/{rel}","templated":true}]}}