{"id":33551,"date":"2013-05-22T00:00:00","date_gmt":"2013-05-22T00:00:00","guid":{"rendered":"https:\/\/marqalicante-admin.qwair.com\/2013\/05\/22\/el-marq-ofrecera-descuentos-del-50-en-el-precio-de-nuestras-entradas-a-los-alumnos-y-trabajadores-de-la-umh\/"},"modified":"2013-05-22T00:00:00","modified_gmt":"2013-05-22T00:00:00","slug":"el-marq-ofrecera-descuentos-del-50-en-el-precio-de-nuestras-entradas-a-los-alumnos-y-trabajadores-de-la-umh","status":"publish","type":"post","link":"https:\/\/marqalicante-admin.qwair.com\/en\/el-marq-ofrecera-descuentos-del-50-en-el-precio-de-nuestras-entradas-a-los-alumnos-y-trabajadores-de-la-umh\/","title":{"rendered":"The MARQ will offer discounts of 50% on the price of our tickets to students and employees of the UMH."},"content":{"rendered":"<p style='text-align: justify;'>The <strong>Foundation of the Valencian Community MARQ<\/strong> and the <strong>Miguel Hern\u00e1ndez University of Elche<\/strong> signed this morning an agreement to establish a system of joint collaboration that will enable <strong>disseminate cultural activities among the members of the student community<\/strong> that the Alicante museum is developing.<\/p>\n<p style='text-align: justify;'>The UMH Vice-Rector for Institutional Relations <strong>Mar\u00eda Teresa P\u00e9rez V\u00e1zquez <\/strong>and the manager of MARQ <strong>Paco Sirvent<\/strong> have signed this agreement which will offer both students and employees of the school, <strong>50 per cent discount on the regular museum admission price<\/strong>The sites of the Tossal de Manises in Alicante, the Illeta dels Banyets in El Campello and the Almohad Tower of Almudaina.<\/p>\n<p style='text-align: center;'><img alt='' src='\/contenido\/genericas\/20130521_F(3).jpg' style='width: 600px; height: 400px;' \/><\/p>\n<p style='text-align: justify;'>To take advantage of this offer, those interested must prove that they belong to the UMH by means of the <strong>display of the University ID card<\/strong> at the ticket offices of MARQ or the archaeological parks.<\/p>\n<p style='text-align: justify;'>The signing of this collaboration agreement is in addition to those previously signed with the provincial federations of parents' associations of Alicante \"Gabriel Mir\u00f3\" and \"Escuela y Familia\" with the aim of <strong>to bring the archaeology of the province and the exhibitions held at MARQ and its sites closer to the public.<\/strong>.<\/p>","protected":false},"excerpt":{"rendered":"<p>La Fundaci&oacute;n de la Comunitat Valenciana MARQ y la Universidad Miguel Hern&aacute;ndez de Elche han<span class=\"excerpt-hellip\"> [\u2026]<\/span><\/p>\n","protected":false},"author":3,"featured_media":0,"comment_status":"open","ping_status":"open","sticky":false,"template":"","format":"standard","meta":{"kia_subtitle":"","footnotes":""},"categories":[],"tags":[],"class_list":["post-33551","post","type-post","status-publish","format-standard","hentry"],"meta_box":[],"_links":{"self":[{"href":"https:\/\/marqalicante-admin.qwair.com\/en\/wp-json\/wp\/v2\/posts\/33551","targetHints":{"allow":["GET"]}}],"collection":[{"href":"https:\/\/marqalicante-admin.qwair.com\/en\/wp-json\/wp\/v2\/posts"}],"about":[{"href":"https:\/\/marqalicante-admin.qwair.com\/en\/wp-json\/wp\/v2\/types\/post"}],"author":[{"embeddable":true,"href":"https:\/\/marqalicante-admin.qwair.com\/en\/wp-json\/wp\/v2\/users\/3"}],"replies":[{"embeddable":true,"href":"https:\/\/marqalicante-admin.qwair.com\/en\/wp-json\/wp\/v2\/comments?post=33551"}],"version-history":[{"count":0,"href":"https:\/\/marqalicante-admin.qwair.com\/en\/wp-json\/wp\/v2\/posts\/33551\/revisions"}],"wp:attachment":[{"href":"https:\/\/marqalicante-admin.qwair.com\/en\/wp-json\/wp\/v2\/media?parent=33551"}],"wp:term":[{"taxonomy":"category","embeddable":true,"href":"https:\/\/marqalicante-admin.qwair.com\/en\/wp-json\/wp\/v2\/categories?post=33551"},{"taxonomy":"post_tag","embeddable":true,"href":"https:\/\/marqalicante-admin.qwair.com\/en\/wp-json\/wp\/v2\/tags?post=33551"}],"curies":[{"name":"wp","href":"https:\/\/api.w.org\/{rel}","templated":true}]}}