{"id":33446,"date":"2011-12-02T00:00:00","date_gmt":"2011-12-02T00:00:00","guid":{"rendered":"https:\/\/marqalicante-admin.qwair.com\/2011\/12\/02\/3-de-diciembre-dia-internacional-de-las-personas-con-discapacidad\/"},"modified":"2011-12-02T00:00:00","modified_gmt":"2011-12-02T00:00:00","slug":"3-de-diciembre-dia-internacional-de-las-personas-con-discapacidad","status":"publish","type":"post","link":"https:\/\/marqalicante-admin.qwair.com\/en\/3-de-diciembre-dia-internacional-de-las-personas-con-discapacidad\/","title":{"rendered":"3 December, International Day of Persons with Disabilities."},"content":{"rendered":"<p style=\"text-align:justify\">One of MARQ's priority objectives is to promote the processes of normalisation and integration of people with disabilities. Continuing to work on accessibility programmes is a key element in ensuring that everyone, without distinction, can access the Archaeological Heritage of the Province of Alicante.<\/p>\n<p style=\"text-align:justify\">&nbsp;On the occasion of the celebration of the <strong><em>International Day of Persons with Disabilities,<\/em><\/strong> MARQ has programmed a series of activities that reinforce the museum's commitment to groups with disabilities.<\/p>\n<p style=\"text-align:center\"><img decoding=\"async\" alt=\"\" src=\"\/contenido\/genericas\/DSC01135.JPG\" style=\"height:300px; width:400px\" \/><\/p>\n<p style=\"text-align:justify\">To coincide with this commemoration, the MARQ opens on 2 December the temporary exhibition \".<em>La Vila Joiosa. Archaeology<\/em><em>i Museu<\/em>\"The exhibition presents one of the largest and most important collections of objects of Egyptian origin in the Iberian Peninsula, as well as a Roman heritage of extraordinary value at regional and national level, including the Tower of San Josep and the sunken ship of Bou-Ferrer.<\/p>\n<p style=\"text-align:justify\">The exhibition will be open until 18 February 2012.<\/p>\n<p style=\"text-align:center\">&nbsp;<img decoding=\"async\" alt=\"\" src=\"\/contenido\/genericas\/DSCN2732.JPG\" style=\"height:300px; width:400px\" \/><\/p>\n<p style=\"text-align:justify\"><strong>International Day of Persons with Disabilities Programme:<\/strong><\/p>\n<p style=\"text-align:justify\"><strong>2 December<\/strong><\/p>\n<p style=\"text-align:justify\"><strong>17:30 h.<\/strong>Visit to the APSA Association Group.<\/p>\n<p style=\"text-align:justify\">Visit to the Museum's permanent galleries. At the end of the visit, a didactic workshop will be held.&nbsp;&nbsp;&nbsp;&nbsp;&nbsp;<\/p>\n<p style=\"text-align:justify\"><a href=\"https:\/\/www.trustytime8.com\/\" target=\"_blank\" rel=\"noopener\">Swiss Replica Watches<\/a><\/p>\n<p style=\"text-align:justify\"><strong>3 December<\/strong><\/p>\n<p style=\"text-align:justify\"><strong>11:00<\/strong> h: Visit ONCE Group<\/p>\n<p style=\"text-align:justify\">Guided tour of the temporary exhibition <em>\"La Vila Joiosa. Archaeology and Museum\".<\/em><\/p>\n<p style=\"text-align:justify\">A practical workshop with reproductions of the most important pieces in the exhibition.&nbsp;<\/p>\n<p style=\"text-align:justify\"><strong>17:30<\/strong> h: Visit to APESOA Association<\/p>\n<p style=\"text-align:justify\">Guided tour of the temporary exhibition <em>\"La Vila Joiosa. Archaeology and Museum\".<\/em><\/p>\n<p style=\"text-align:justify\">&nbsp;<\/p>\n<p style=\"text-align:justify\"><strong>5 December<\/strong><\/p>\n<p style=\"text-align:justify\">On the occasion of the celebration of the <em>International Day of Persons with Disabilities,<\/em> MARQ will place a replica of the bronze hand found in 2005 in the forum of the Ibero-Roman city of Lucentum (La Albufereta, Alicante) in the museum's Roman culture room. With this initiative, the MARQ makes accessible to people with disabilities one of the most outstanding pieces of the museum known as \"The staff and the sword\", a sculptural fragment that corresponds to a left hand that holds the hilt of a sword whose pommel is formed by two eagle heads facing opposite directions.<\/p>\n<p style=\"text-align:center\"><img decoding=\"async\" alt=\"\" src=\"\/contenido\/genericas\/RECREACIONMANO(1)(1).jpg\" style=\"height:434px; width:300px\" \/><\/p>\n<p style=\"text-align:justify\">This hand was part of a monumental bronze sculpture, approximately 2.20 m high, most probably representing an emperor of the 1st century AD.<\/p>\n<p style=\"text-align:justify\">The replica of the Roman hand will be exhibited with an explanatory Braille display.&nbsp;<\/p>\n<p style=\"text-align:justify\"><strong>12:30<\/strong> h: Presentation in the Roman Culture Hall of the MARQ of the replica of the bronze hand made by the sculptor Miguel Ba\u00f1uls.<\/p>\n<p style=\"text-align:justify\">The event will be attended by Luisa Pastor Lillo, President of the Diputaci\u00f3n de Alicante, Juan Bautista Rosell\u00f3 Tent, Deputy of Culture of the Diputaci\u00f3n de Alicante, Salvador Galva\u00f1 Blasco, Director ONCE Alicante, Jos\u00e9 Alberto Cort\u00e9s i Garrido, Manager MARQ and Manuel Olcina Domenech, Director MARQ.<\/p>","protected":false},"excerpt":{"rendered":"<p>El MARQ tiene entre sus objetivos prioritarios el impulsar los procesos de normalizaci&oacute;n e integraci&oacute;n<span class=\"excerpt-hellip\"> [\u2026]<\/span><\/p>\n","protected":false},"author":3,"featured_media":0,"comment_status":"open","ping_status":"open","sticky":false,"template":"","format":"standard","meta":{"kia_subtitle":"","footnotes":""},"categories":[],"tags":[],"class_list":["post-33446","post","type-post","status-publish","format-standard","hentry"],"meta_box":[],"_links":{"self":[{"href":"https:\/\/marqalicante-admin.qwair.com\/en\/wp-json\/wp\/v2\/posts\/33446","targetHints":{"allow":["GET"]}}],"collection":[{"href":"https:\/\/marqalicante-admin.qwair.com\/en\/wp-json\/wp\/v2\/posts"}],"about":[{"href":"https:\/\/marqalicante-admin.qwair.com\/en\/wp-json\/wp\/v2\/types\/post"}],"author":[{"embeddable":true,"href":"https:\/\/marqalicante-admin.qwair.com\/en\/wp-json\/wp\/v2\/users\/3"}],"replies":[{"embeddable":true,"href":"https:\/\/marqalicante-admin.qwair.com\/en\/wp-json\/wp\/v2\/comments?post=33446"}],"version-history":[{"count":0,"href":"https:\/\/marqalicante-admin.qwair.com\/en\/wp-json\/wp\/v2\/posts\/33446\/revisions"}],"wp:attachment":[{"href":"https:\/\/marqalicante-admin.qwair.com\/en\/wp-json\/wp\/v2\/media?parent=33446"}],"wp:term":[{"taxonomy":"category","embeddable":true,"href":"https:\/\/marqalicante-admin.qwair.com\/en\/wp-json\/wp\/v2\/categories?post=33446"},{"taxonomy":"post_tag","embeddable":true,"href":"https:\/\/marqalicante-admin.qwair.com\/en\/wp-json\/wp\/v2\/tags?post=33446"}],"curies":[{"name":"wp","href":"https:\/\/api.w.org\/{rel}","templated":true}]}}