{"id":33328,"date":"2010-01-18T00:00:00","date_gmt":"2010-01-18T00:00:00","guid":{"rendered":"https:\/\/marqalicante-admin.qwair.com\/2010\/01\/18\/conferencias-marq-2\/"},"modified":"2010-01-18T00:00:00","modified_gmt":"2010-01-18T00:00:00","slug":"conferencias-marq-2","status":"publish","type":"post","link":"https:\/\/marqalicante-admin.qwair.com\/en\/conferencias-marq-2\/","title":{"rendered":"MARQ CONFERENCES"},"content":{"rendered":"<p style=\"text-align: justify\"><span style=\"color: #808080\"><b>CONFERENCE DR. FRANCISCO CONTRERAS CORT\u00c9S<br \/>PROFESSOR OF PREHISTORY. UNIVERSITY OF GRANADA<br \/><img decoding=\"async\" alt=\"\" src=\"imags\/barraseparaciongrande.jpg\" \/><\/b><\/span><\/p>\n<p><object width=\"400\" height=\"299\"><param name=\"allowfullscreen\" value=\"true\" \/><param name=\"allowscriptaccess\" value=\"always\" \/><param name=\"movie\" value=\"http:\/\/vimeo.com\/moogaloop.swf?clip_id=8859252&amp;server=vimeo.com&amp;show_title=0&amp;show_byline=0&amp;show_portrait=0&amp;color=00adef&amp;fullscreen=1\" \/><embed src=\"http:\/\/vimeo.com\/moogaloop.swf?clip_id=8859252&amp;server=vimeo.com&amp;show_title=0&amp;show_byline=0&amp;show_portrait=0&amp;color=00adef&amp;fullscreen=1\" type=\"application\/x-shockwave-flash\" allowfullscreen=\"true\" allowscriptaccess=\"always\" width=\"400\" height=\"299\"><\/embed><\/object><\/p>\n<p style=\"text-align: justify\">&nbsp;ARGAR CULTURE IN THE PERIFERIA: The settlement of Pe\u00f1alosa in the Upper Guadalquivir.<\/p>\n<p style=\"text-align: justify\">From 1800 BC onwards, the development of the Argaric culture took place in the Upper Guadalquivir. The political centres of this territory colonised the foothills of the Sierra Morena with the intention of exploiting the rich copper seams in the area. This fact facilitated the rapid cultural development of the area throughout the Bronze Age. The scientific developments obtained in the area are shown, based mainly on the systematic excavations carried out in the settlement of Pe\u00f1alosa (Ba\u00f1os de la Encina, Ja\u00e9n).<\/p>\n<p style=\"text-align: justify\"><span style=\"color: #808080\"><b>CONFERENCE DR. CONCEPCI\u00d3N BLASCO BOSQUED<br \/>PROFESSOR OF PREHISTORY. AUTONOMOUS UNIVERSITY OF MADRID<\/b><\/span><\/p>\n<p><object width=\"400\" height=\"299\"><param name=\"allowfullscreen\" value=\"true\" \/><param name=\"allowscriptaccess\" value=\"always\" \/><param name=\"movie\" value=\"http:\/\/vimeo.com\/moogaloop.swf?clip_id=8860575&amp;server=vimeo.com&amp;show_title=0&amp;show_byline=0&amp;show_portrait=0&amp;color=00adef&amp;fullscreen=1\" \/><embed src=\"http:\/\/vimeo.com\/moogaloop.swf?clip_id=8860575&amp;server=vimeo.com&amp;show_title=0&amp;show_byline=0&amp;show_portrait=0&amp;color=00adef&amp;fullscreen=1\" type=\"application\/x-shockwave-flash\" allowfullscreen=\"true\" allowscriptaccess=\"always\" width=\"400\" height=\"299\"><\/embed><\/object><\/p>\n<p style=\"text-align: justify\">&nbsp;<\/p>\n<p style=\"text-align: justify\">THE REGION OF MADRID IN ARGARIC TIMES<br \/>Until just a few years ago, the Bronze Age in the interior of the peninsula was identified as the \"Dark Age\" due to the complete lack of knowledge we had about it, but recent research has shed light on the fact that its economic and social development is not too far removed from that experienced by the Argaric area with which it maintains relations that are manifested through the mutual adaptation of techniques and aesthetic models in the form of reciprocal loans and explain the synchrony of some aspects such as the beginning of the social hierarchy.<br \/>&nbsp;<\/p>\n<p style=\"text-align: center\"><img loading=\"lazy\" decoding=\"async\" height=\"707\" alt=\"\" width=\"500\" src=\"\/contenido\/genericas\/WEB(2).jpg\" \/><\/p>\n<p>&nbsp;<\/p>\n<p>&nbsp;<\/p>","protected":false},"excerpt":{"rendered":"<p>CONFERENCIA DR. FRANCISCO CONTRERAS CORT&Eacute;SCATEDR&Aacute;TICO DE PREHISTORIA. UNIVERSIDAD DE GRANADA &nbsp;LA CULTURA DEL ARGAR EN<span class=\"excerpt-hellip\"> [\u2026]<\/span><\/p>\n","protected":false},"author":3,"featured_media":0,"comment_status":"open","ping_status":"open","sticky":false,"template":"","format":"standard","meta":{"kia_subtitle":"","footnotes":""},"categories":[],"tags":[],"class_list":["post-33328","post","type-post","status-publish","format-standard","hentry"],"meta_box":[],"_links":{"self":[{"href":"https:\/\/marqalicante-admin.qwair.com\/en\/wp-json\/wp\/v2\/posts\/33328","targetHints":{"allow":["GET"]}}],"collection":[{"href":"https:\/\/marqalicante-admin.qwair.com\/en\/wp-json\/wp\/v2\/posts"}],"about":[{"href":"https:\/\/marqalicante-admin.qwair.com\/en\/wp-json\/wp\/v2\/types\/post"}],"author":[{"embeddable":true,"href":"https:\/\/marqalicante-admin.qwair.com\/en\/wp-json\/wp\/v2\/users\/3"}],"replies":[{"embeddable":true,"href":"https:\/\/marqalicante-admin.qwair.com\/en\/wp-json\/wp\/v2\/comments?post=33328"}],"version-history":[{"count":0,"href":"https:\/\/marqalicante-admin.qwair.com\/en\/wp-json\/wp\/v2\/posts\/33328\/revisions"}],"wp:attachment":[{"href":"https:\/\/marqalicante-admin.qwair.com\/en\/wp-json\/wp\/v2\/media?parent=33328"}],"wp:term":[{"taxonomy":"category","embeddable":true,"href":"https:\/\/marqalicante-admin.qwair.com\/en\/wp-json\/wp\/v2\/categories?post=33328"},{"taxonomy":"post_tag","embeddable":true,"href":"https:\/\/marqalicante-admin.qwair.com\/en\/wp-json\/wp\/v2\/tags?post=33328"}],"curies":[{"name":"wp","href":"https:\/\/api.w.org\/{rel}","templated":true}]}}